{"id":7193,"date":"2025-08-20T10:21:15","date_gmt":"2025-08-20T08:21:15","guid":{"rendered":"https:\/\/basen.js-jarocin.pl\/?p=7193"},"modified":"2025-08-20T10:24:46","modified_gmt":"2025-08-20T08:24:46","slug":"polkolonie-organizowane-przez-fundacje-rozwoju-lokalnej-spolecznosci","status":"publish","type":"post","link":"https:\/\/basen.js-jarocin.pl\/index.php\/2025\/08\/20\/polkolonie-organizowane-przez-fundacje-rozwoju-lokalnej-spolecznosci\/","title":{"rendered":"P\u00f3\u0142kolonie organizowane przez Fundacje Rozwoju Lokalnej Spo\u0142eczno\u015bci"},"content":{"rendered":"\t\t<div data-elementor-type=\"wp-post\" data-elementor-id=\"7193\" class=\"elementor elementor-7193\">\n\t\t\t\t\t\t<section class=\"elementor-section elementor-top-section elementor-element elementor-element-e3ce406 elementor-section-boxed elementor-section-height-default elementor-section-height-default\" data-id=\"e3ce406\" data-element_type=\"section\" data-e-type=\"section\">\n\t\t\t\t\t\t<div class=\"elementor-container elementor-column-gap-default\">\n\t\t\t\t\t<div class=\"elementor-column elementor-col-100 elementor-top-column elementor-element elementor-element-2109a2e\" data-id=\"2109a2e\" data-element_type=\"column\" data-e-type=\"column\">\n\t\t\t<div class=\"elementor-widget-wrap elementor-element-populated\">\n\t\t\t\t\t\t<div class=\"elementor-element elementor-element-aa225fa elementor-widget elementor-widget-text-editor\" data-id=\"aa225fa\" data-element_type=\"widget\" data-e-type=\"widget\" data-widget_type=\"text-editor.default\">\n\t\t\t\t<div class=\"elementor-widget-container\">\n\t\t\t\t\t\t\t\t\t<h6>Fundacja Rozwoju Lokalnej Spo\u0142eczno\u015bci organizuje p\u00f3\u0142kolonie, kt\u00f3re odbywaj\u0105 si\u0119 w obiektach Jarocin Sport. Zaj\u0119cia przygotowane s\u0105 z my\u015bl\u0105 o dzieciach i m\u0142odzie\u017cy, zapewniaj\u0105c im aktywny i ciekawy wypoczynek w czasie wakacji. Ca\u0142e przedsi\u0119wzi\u0119cie jest finansowane ze \u015brodk\u00f3w Gminy Jarocin.<\/h6>\t\t\t\t\t\t\t\t<\/div>\n\t\t\t\t<\/div>\n\t\t\t\t<div class=\"elementor-element elementor-element-5605a99 gallery-spacing-custom elementor-widget elementor-widget-image-gallery\" data-id=\"5605a99\" data-element_type=\"widget\" data-e-type=\"widget\" data-widget_type=\"image-gallery.default\">\n\t\t\t\t<div class=\"elementor-widget-container\">\n\t\t\t\t\t\t\t<div class=\"elementor-image-gallery\">\n\t\t\t<div id='gallery-1' class='gallery galleryid-7193 gallery-columns-5 gallery-size-thumbnail'><figure class='gallery-item'>\n\t\t\t<div class='gallery-icon landscape'>\n\t\t\t\t<a data-elementor-open-lightbox=\"yes\" data-elementor-lightbox-slideshow=\"5605a99\" data-e-action-hash=\"#elementor-action%3Aaction%3Dlightbox%26settings%3DeyJpZCI6NzE5OCwidXJsIjoiaHR0cHM6XC9cL2Jhc2VuLmpzLWphcm9jaW4ucGxcL3dwLWNvbnRlbnRcL3VwbG9hZHNcLzIwMjVcLzA4XC9JTUctMjAyNTA4MDgtV0EwMDI5LmpwZyIsInNsaWRlc2hvdyI6IjU2MDVhOTkifQ%3D%3D\" href='https:\/\/basen.js-jarocin.pl\/wp-content\/uploads\/2025\/08\/IMG-20250808-WA0029.jpg'><img decoding=\"async\" width=\"150\" height=\"150\" src=\"https:\/\/basen.js-jarocin.pl\/wp-content\/uploads\/2025\/08\/IMG-20250808-WA0029-150x150.jpg\" class=\"attachment-thumbnail size-thumbnail\" alt=\"\" \/><\/a>\n\t\t\t<\/div><\/figure><figure class='gallery-item'>\n\t\t\t<div class='gallery-icon portrait'>\n\t\t\t\t<a data-elementor-open-lightbox=\"yes\" data-elementor-lightbox-slideshow=\"5605a99\" data-e-action-hash=\"#elementor-action%3Aaction%3Dlightbox%26settings%3DeyJpZCI6NzE5NywidXJsIjoiaHR0cHM6XC9cL2Jhc2VuLmpzLWphcm9jaW4ucGxcL3dwLWNvbnRlbnRcL3VwbG9hZHNcLzIwMjVcLzA4XC80LTEuanBnIiwic2xpZGVzaG93IjoiNTYwNWE5OSJ9\" href='https:\/\/basen.js-jarocin.pl\/wp-content\/uploads\/2025\/08\/4-1.jpg'><img decoding=\"async\" width=\"150\" height=\"150\" src=\"https:\/\/basen.js-jarocin.pl\/wp-content\/uploads\/2025\/08\/4-1-150x150.jpg\" class=\"attachment-thumbnail size-thumbnail\" alt=\"\" \/><\/a>\n\t\t\t<\/div><\/figure><figure class='gallery-item'>\n\t\t\t<div class='gallery-icon portrait'>\n\t\t\t\t<a data-elementor-open-lightbox=\"yes\" data-elementor-lightbox-slideshow=\"5605a99\" data-e-action-hash=\"#elementor-action%3Aaction%3Dlightbox%26settings%3DeyJpZCI6NzE5NiwidXJsIjoiaHR0cHM6XC9cL2Jhc2VuLmpzLWphcm9jaW4ucGxcL3dwLWNvbnRlbnRcL3VwbG9hZHNcLzIwMjVcLzA4XC8zLTEuanBnIiwic2xpZGVzaG93IjoiNTYwNWE5OSJ9\" href='https:\/\/basen.js-jarocin.pl\/wp-content\/uploads\/2025\/08\/3-1.jpg'><img decoding=\"async\" width=\"150\" height=\"150\" src=\"https:\/\/basen.js-jarocin.pl\/wp-content\/uploads\/2025\/08\/3-1-150x150.jpg\" class=\"attachment-thumbnail size-thumbnail\" alt=\"\" \/><\/a>\n\t\t\t<\/div><\/figure><figure class='gallery-item'>\n\t\t\t<div class='gallery-icon portrait'>\n\t\t\t\t<a data-elementor-open-lightbox=\"yes\" data-elementor-lightbox-slideshow=\"5605a99\" data-e-action-hash=\"#elementor-action%3Aaction%3Dlightbox%26settings%3DeyJpZCI6NzE5NSwidXJsIjoiaHR0cHM6XC9cL2Jhc2VuLmpzLWphcm9jaW4ucGxcL3dwLWNvbnRlbnRcL3VwbG9hZHNcLzIwMjVcLzA4XC8xLTEuanBnIiwic2xpZGVzaG93IjoiNTYwNWE5OSJ9\" href='https:\/\/basen.js-jarocin.pl\/wp-content\/uploads\/2025\/08\/1-1.jpg'><img loading=\"lazy\" decoding=\"async\" width=\"150\" height=\"150\" src=\"https:\/\/basen.js-jarocin.pl\/wp-content\/uploads\/2025\/08\/1-1-150x150.jpg\" class=\"attachment-thumbnail size-thumbnail\" alt=\"\" \/><\/a>\n\t\t\t<\/div><\/figure><figure class='gallery-item'>\n\t\t\t<div class='gallery-icon portrait'>\n\t\t\t\t<a data-elementor-open-lightbox=\"yes\" data-elementor-lightbox-slideshow=\"5605a99\" data-e-action-hash=\"#elementor-action%3Aaction%3Dlightbox%26settings%3DeyJpZCI6NzE5NCwidXJsIjoiaHR0cHM6XC9cL2Jhc2VuLmpzLWphcm9jaW4ucGxcL3dwLWNvbnRlbnRcL3VwbG9hZHNcLzIwMjVcLzA4XC9JTUctMjAyNTA4MDgtV0EwMTE3LmpwZyIsInNsaWRlc2hvdyI6IjU2MDVhOTkifQ%3D%3D\" href='https:\/\/basen.js-jarocin.pl\/wp-content\/uploads\/2025\/08\/IMG-20250808-WA0117.jpg'><img loading=\"lazy\" decoding=\"async\" width=\"150\" height=\"150\" src=\"https:\/\/basen.js-jarocin.pl\/wp-content\/uploads\/2025\/08\/IMG-20250808-WA0117-150x150.jpg\" class=\"attachment-thumbnail size-thumbnail\" alt=\"\" \/><\/a>\n\t\t\t<\/div><\/figure>\n\t\t<\/div>\n\t\t<\/div>\n\t\t\t\t\t\t<\/div>\n\t\t\t\t<\/div>\n\t\t\t\t\t<\/div>\n\t\t<\/div>\n\t\t\t\t\t<\/div>\n\t\t<\/section>\n\t\t\t\t<\/div>\n\t\t","protected":false},"excerpt":{"rendered":"<p>Fundacja Rozwoju Lokalnej Spo\u0142eczno\u015bci organizuje p\u00f3\u0142kolonie, kt\u00f3re odbywaj\u0105 si\u0119 w obiektach Jarocin Sport. Zaj\u0119cia przygotowane s\u0105 z my\u015bl\u0105 o dzieciach i m\u0142odzie\u017cy, zapewniaj\u0105c im aktywny i ciekawy wypoczynek w czasie wakacji. Ca\u0142e przedsi\u0119wzi\u0119cie jest finansowane ze \u015brodk\u00f3w Gminy Jarocin.<\/p>\n","protected":false},"author":2,"featured_media":7198,"comment_status":"closed","ping_status":"closed","sticky":false,"template":"","format":"standard","meta":{"site-sidebar-layout":"default","site-content-layout":"","ast-site-content-layout":"default","site-content-style":"default","site-sidebar-style":"default","ast-global-header-display":"","ast-banner-title-visibility":"","ast-main-header-display":"","ast-hfb-above-header-display":"","ast-hfb-below-header-display":"","ast-hfb-mobile-header-display":"","site-post-title":"","ast-breadcrumbs-content":"","ast-featured-img":"","footer-sml-layout":"","ast-disable-related-posts":"","theme-transparent-header-meta":"","adv-header-id-meta":"","stick-header-meta":"","header-above-stick-meta":"","header-main-stick-meta":"","header-below-stick-meta":"","astra-migrate-meta-layouts":"set","ast-page-background-enabled":"default","ast-page-background-meta":{"desktop":{"background-color":"var(--ast-global-color-4)","background-image":"","background-repeat":"repeat","background-position":"center center","background-size":"auto","background-attachment":"scroll","background-type":"","background-media":"","overlay-type":"","overlay-color":"","overlay-opacity":"","overlay-gradient":""},"tablet":{"background-color":"","background-image":"","background-repeat":"repeat","background-position":"center center","background-size":"auto","background-attachment":"scroll","background-type":"","background-media":"","overlay-type":"","overlay-color":"","overlay-opacity":"","overlay-gradient":""},"mobile":{"background-color":"","background-image":"","background-repeat":"repeat","background-position":"center center","background-size":"auto","background-attachment":"scroll","background-type":"","background-media":"","overlay-type":"","overlay-color":"","overlay-opacity":"","overlay-gradient":""}},"ast-content-background-meta":{"desktop":{"background-color":"var(--ast-global-color-5)","background-image":"","background-repeat":"repeat","background-position":"center center","background-size":"auto","background-attachment":"scroll","background-type":"","background-media":"","overlay-type":"","overlay-color":"","overlay-opacity":"","overlay-gradient":""},"tablet":{"background-color":"var(--ast-global-color-5)","background-image":"","background-repeat":"repeat","background-position":"center center","background-size":"auto","background-attachment":"scroll","background-type":"","background-media":"","overlay-type":"","overlay-color":"","overlay-opacity":"","overlay-gradient":""},"mobile":{"background-color":"var(--ast-global-color-5)","background-image":"","background-repeat":"repeat","background-position":"center center","background-size":"auto","background-attachment":"scroll","background-type":"","background-media":"","overlay-type":"","overlay-color":"","overlay-opacity":"","overlay-gradient":""}},"footnotes":""},"categories":[2],"tags":[],"class_list":["post-7193","post","type-post","status-publish","format-standard","has-post-thumbnail","hentry","category-aktualnosci"],"yoast_head":"<!-- This site is optimized with the Yoast SEO plugin v27.4 - https:\/\/yoast.com\/product\/yoast-seo-wordpress\/ -->\n<title>P\u00f3\u0142kolonie organizowane przez Fundacje Rozwoju Lokalnej Spo\u0142eczno\u015bci - Aquapark Jarocin<\/title>\n<meta name=\"robots\" content=\"index, follow, max-snippet:-1, max-image-preview:large, max-video-preview:-1\" \/>\n<link rel=\"canonical\" href=\"https:\/\/basen.js-jarocin.pl\/index.php\/2025\/08\/20\/polkolonie-organizowane-przez-fundacje-rozwoju-lokalnej-spolecznosci\/\" \/>\n<meta property=\"og:locale\" content=\"pl_PL\" \/>\n<meta property=\"og:type\" content=\"article\" \/>\n<meta property=\"og:title\" content=\"P\u00f3\u0142kolonie organizowane przez Fundacje Rozwoju Lokalnej Spo\u0142eczno\u015bci - Aquapark Jarocin\" \/>\n<meta property=\"og:description\" content=\"Fundacja Rozwoju Lokalnej Spo\u0142eczno\u015bci organizuje p\u00f3\u0142kolonie, kt\u00f3re odbywaj\u0105 si\u0119 w obiektach Jarocin Sport. Zaj\u0119cia przygotowane s\u0105 z my\u015bl\u0105 o dzieciach i m\u0142odzie\u017cy, zapewniaj\u0105c im aktywny i ciekawy wypoczynek w czasie wakacji. Ca\u0142e przedsi\u0119wzi\u0119cie jest finansowane ze \u015brodk\u00f3w Gminy Jarocin.\" \/>\n<meta property=\"og:url\" content=\"https:\/\/basen.js-jarocin.pl\/index.php\/2025\/08\/20\/polkolonie-organizowane-przez-fundacje-rozwoju-lokalnej-spolecznosci\/\" \/>\n<meta property=\"og:site_name\" content=\"Aquapark Jarocin\" \/>\n<meta property=\"article:published_time\" content=\"2025-08-20T08:21:15+00:00\" \/>\n<meta property=\"article:modified_time\" content=\"2025-08-20T08:24:46+00:00\" \/>\n<meta property=\"og:image\" content=\"https:\/\/basen.js-jarocin.pl\/wp-content\/uploads\/2025\/08\/IMG-20250808-WA0029.jpg\" \/>\n\t<meta property=\"og:image:width\" content=\"1600\" \/>\n\t<meta property=\"og:image:height\" content=\"1200\" \/>\n\t<meta property=\"og:image:type\" content=\"image\/jpeg\" \/>\n<meta name=\"author\" content=\"serwis\" \/>\n<meta name=\"twitter:card\" content=\"summary_large_image\" \/>\n<meta name=\"twitter:label1\" content=\"Napisane przez\" \/>\n\t<meta name=\"twitter:data1\" content=\"serwis\" \/>\n\t<meta name=\"twitter:label2\" content=\"Szacowany czas czytania\" \/>\n\t<meta name=\"twitter:data2\" content=\"2 minuty\" \/>\n<script type=\"application\/ld+json\" class=\"yoast-schema-graph\">{\"@context\":\"https:\\\/\\\/schema.org\",\"@graph\":[{\"@type\":\"Article\",\"@id\":\"https:\\\/\\\/basen.js-jarocin.pl\\\/index.php\\\/2025\\\/08\\\/20\\\/polkolonie-organizowane-przez-fundacje-rozwoju-lokalnej-spolecznosci\\\/#article\",\"isPartOf\":{\"@id\":\"https:\\\/\\\/basen.js-jarocin.pl\\\/index.php\\\/2025\\\/08\\\/20\\\/polkolonie-organizowane-przez-fundacje-rozwoju-lokalnej-spolecznosci\\\/\"},\"author\":{\"name\":\"serwis\",\"@id\":\"https:\\\/\\\/basen.js-jarocin.pl\\\/#\\\/schema\\\/person\\\/a9a8f66b317b1881a392282790326b24\"},\"headline\":\"P\u00f3\u0142kolonie organizowane przez Fundacje Rozwoju Lokalnej Spo\u0142eczno\u015bci\",\"datePublished\":\"2025-08-20T08:21:15+00:00\",\"dateModified\":\"2025-08-20T08:24:46+00:00\",\"mainEntityOfPage\":{\"@id\":\"https:\\\/\\\/basen.js-jarocin.pl\\\/index.php\\\/2025\\\/08\\\/20\\\/polkolonie-organizowane-przez-fundacje-rozwoju-lokalnej-spolecznosci\\\/\"},\"wordCount\":62,\"image\":{\"@id\":\"https:\\\/\\\/basen.js-jarocin.pl\\\/index.php\\\/2025\\\/08\\\/20\\\/polkolonie-organizowane-przez-fundacje-rozwoju-lokalnej-spolecznosci\\\/#primaryimage\"},\"thumbnailUrl\":\"https:\\\/\\\/basen.js-jarocin.pl\\\/wp-content\\\/uploads\\\/2025\\\/08\\\/IMG-20250808-WA0029.jpg\",\"articleSection\":[\"Aktualno\u015bci\"],\"inLanguage\":\"pl-PL\"},{\"@type\":\"WebPage\",\"@id\":\"https:\\\/\\\/basen.js-jarocin.pl\\\/index.php\\\/2025\\\/08\\\/20\\\/polkolonie-organizowane-przez-fundacje-rozwoju-lokalnej-spolecznosci\\\/\",\"url\":\"https:\\\/\\\/basen.js-jarocin.pl\\\/index.php\\\/2025\\\/08\\\/20\\\/polkolonie-organizowane-przez-fundacje-rozwoju-lokalnej-spolecznosci\\\/\",\"name\":\"P\u00f3\u0142kolonie organizowane przez Fundacje Rozwoju Lokalnej Spo\u0142eczno\u015bci - Aquapark Jarocin\",\"isPartOf\":{\"@id\":\"https:\\\/\\\/basen.js-jarocin.pl\\\/#website\"},\"primaryImageOfPage\":{\"@id\":\"https:\\\/\\\/basen.js-jarocin.pl\\\/index.php\\\/2025\\\/08\\\/20\\\/polkolonie-organizowane-przez-fundacje-rozwoju-lokalnej-spolecznosci\\\/#primaryimage\"},\"image\":{\"@id\":\"https:\\\/\\\/basen.js-jarocin.pl\\\/index.php\\\/2025\\\/08\\\/20\\\/polkolonie-organizowane-przez-fundacje-rozwoju-lokalnej-spolecznosci\\\/#primaryimage\"},\"thumbnailUrl\":\"https:\\\/\\\/basen.js-jarocin.pl\\\/wp-content\\\/uploads\\\/2025\\\/08\\\/IMG-20250808-WA0029.jpg\",\"datePublished\":\"2025-08-20T08:21:15+00:00\",\"dateModified\":\"2025-08-20T08:24:46+00:00\",\"author\":{\"@id\":\"https:\\\/\\\/basen.js-jarocin.pl\\\/#\\\/schema\\\/person\\\/a9a8f66b317b1881a392282790326b24\"},\"breadcrumb\":{\"@id\":\"https:\\\/\\\/basen.js-jarocin.pl\\\/index.php\\\/2025\\\/08\\\/20\\\/polkolonie-organizowane-przez-fundacje-rozwoju-lokalnej-spolecznosci\\\/#breadcrumb\"},\"inLanguage\":\"pl-PL\",\"potentialAction\":[{\"@type\":\"ReadAction\",\"target\":[\"https:\\\/\\\/basen.js-jarocin.pl\\\/index.php\\\/2025\\\/08\\\/20\\\/polkolonie-organizowane-przez-fundacje-rozwoju-lokalnej-spolecznosci\\\/\"]}]},{\"@type\":\"ImageObject\",\"inLanguage\":\"pl-PL\",\"@id\":\"https:\\\/\\\/basen.js-jarocin.pl\\\/index.php\\\/2025\\\/08\\\/20\\\/polkolonie-organizowane-przez-fundacje-rozwoju-lokalnej-spolecznosci\\\/#primaryimage\",\"url\":\"https:\\\/\\\/basen.js-jarocin.pl\\\/wp-content\\\/uploads\\\/2025\\\/08\\\/IMG-20250808-WA0029.jpg\",\"contentUrl\":\"https:\\\/\\\/basen.js-jarocin.pl\\\/wp-content\\\/uploads\\\/2025\\\/08\\\/IMG-20250808-WA0029.jpg\",\"width\":1600,\"height\":1200},{\"@type\":\"BreadcrumbList\",\"@id\":\"https:\\\/\\\/basen.js-jarocin.pl\\\/index.php\\\/2025\\\/08\\\/20\\\/polkolonie-organizowane-przez-fundacje-rozwoju-lokalnej-spolecznosci\\\/#breadcrumb\",\"itemListElement\":[{\"@type\":\"ListItem\",\"position\":1,\"name\":\"Home\",\"item\":\"https:\\\/\\\/basen.js-jarocin.pl\\\/\"},{\"@type\":\"ListItem\",\"position\":2,\"name\":\"P\u00f3\u0142kolonie organizowane przez Fundacje Rozwoju Lokalnej Spo\u0142eczno\u015bci\"}]},{\"@type\":\"WebSite\",\"@id\":\"https:\\\/\\\/basen.js-jarocin.pl\\\/#website\",\"url\":\"https:\\\/\\\/basen.js-jarocin.pl\\\/\",\"name\":\"Aquapark Jarocin\",\"description\":\"\",\"potentialAction\":[{\"@type\":\"SearchAction\",\"target\":{\"@type\":\"EntryPoint\",\"urlTemplate\":\"https:\\\/\\\/basen.js-jarocin.pl\\\/?s={search_term_string}\"},\"query-input\":{\"@type\":\"PropertyValueSpecification\",\"valueRequired\":true,\"valueName\":\"search_term_string\"}}],\"inLanguage\":\"pl-PL\"},{\"@type\":\"Person\",\"@id\":\"https:\\\/\\\/basen.js-jarocin.pl\\\/#\\\/schema\\\/person\\\/a9a8f66b317b1881a392282790326b24\",\"name\":\"serwis\",\"image\":{\"@type\":\"ImageObject\",\"inLanguage\":\"pl-PL\",\"@id\":\"https:\\\/\\\/secure.gravatar.com\\\/avatar\\\/3483dadc00327cfe2043d2a2d4e51dd16dd6fb99b4d67597887201e2748ee5b8?s=96&d=mm&r=g\",\"url\":\"https:\\\/\\\/secure.gravatar.com\\\/avatar\\\/3483dadc00327cfe2043d2a2d4e51dd16dd6fb99b4d67597887201e2748ee5b8?s=96&d=mm&r=g\",\"contentUrl\":\"https:\\\/\\\/secure.gravatar.com\\\/avatar\\\/3483dadc00327cfe2043d2a2d4e51dd16dd6fb99b4d67597887201e2748ee5b8?s=96&d=mm&r=g\",\"caption\":\"serwis\"},\"url\":\"https:\\\/\\\/basen.js-jarocin.pl\\\/index.php\\\/author\\\/serwis\\\/\"}]}<\/script>\n<!-- \/ Yoast SEO plugin. -->","yoast_head_json":{"title":"P\u00f3\u0142kolonie organizowane przez Fundacje Rozwoju Lokalnej Spo\u0142eczno\u015bci - Aquapark Jarocin","robots":{"index":"index","follow":"follow","max-snippet":"max-snippet:-1","max-image-preview":"max-image-preview:large","max-video-preview":"max-video-preview:-1"},"canonical":"https:\/\/basen.js-jarocin.pl\/index.php\/2025\/08\/20\/polkolonie-organizowane-przez-fundacje-rozwoju-lokalnej-spolecznosci\/","og_locale":"pl_PL","og_type":"article","og_title":"P\u00f3\u0142kolonie organizowane przez Fundacje Rozwoju Lokalnej Spo\u0142eczno\u015bci - Aquapark Jarocin","og_description":"Fundacja Rozwoju Lokalnej Spo\u0142eczno\u015bci organizuje p\u00f3\u0142kolonie, kt\u00f3re odbywaj\u0105 si\u0119 w obiektach Jarocin Sport. Zaj\u0119cia przygotowane s\u0105 z my\u015bl\u0105 o dzieciach i m\u0142odzie\u017cy, zapewniaj\u0105c im aktywny i ciekawy wypoczynek w czasie wakacji. Ca\u0142e przedsi\u0119wzi\u0119cie jest finansowane ze \u015brodk\u00f3w Gminy Jarocin.","og_url":"https:\/\/basen.js-jarocin.pl\/index.php\/2025\/08\/20\/polkolonie-organizowane-przez-fundacje-rozwoju-lokalnej-spolecznosci\/","og_site_name":"Aquapark Jarocin","article_published_time":"2025-08-20T08:21:15+00:00","article_modified_time":"2025-08-20T08:24:46+00:00","og_image":[{"width":1600,"height":1200,"url":"https:\/\/basen.js-jarocin.pl\/wp-content\/uploads\/2025\/08\/IMG-20250808-WA0029.jpg","type":"image\/jpeg"}],"author":"serwis","twitter_card":"summary_large_image","twitter_misc":{"Napisane przez":"serwis","Szacowany czas czytania":"2 minuty"},"schema":{"@context":"https:\/\/schema.org","@graph":[{"@type":"Article","@id":"https:\/\/basen.js-jarocin.pl\/index.php\/2025\/08\/20\/polkolonie-organizowane-przez-fundacje-rozwoju-lokalnej-spolecznosci\/#article","isPartOf":{"@id":"https:\/\/basen.js-jarocin.pl\/index.php\/2025\/08\/20\/polkolonie-organizowane-przez-fundacje-rozwoju-lokalnej-spolecznosci\/"},"author":{"name":"serwis","@id":"https:\/\/basen.js-jarocin.pl\/#\/schema\/person\/a9a8f66b317b1881a392282790326b24"},"headline":"P\u00f3\u0142kolonie organizowane przez Fundacje Rozwoju Lokalnej Spo\u0142eczno\u015bci","datePublished":"2025-08-20T08:21:15+00:00","dateModified":"2025-08-20T08:24:46+00:00","mainEntityOfPage":{"@id":"https:\/\/basen.js-jarocin.pl\/index.php\/2025\/08\/20\/polkolonie-organizowane-przez-fundacje-rozwoju-lokalnej-spolecznosci\/"},"wordCount":62,"image":{"@id":"https:\/\/basen.js-jarocin.pl\/index.php\/2025\/08\/20\/polkolonie-organizowane-przez-fundacje-rozwoju-lokalnej-spolecznosci\/#primaryimage"},"thumbnailUrl":"https:\/\/basen.js-jarocin.pl\/wp-content\/uploads\/2025\/08\/IMG-20250808-WA0029.jpg","articleSection":["Aktualno\u015bci"],"inLanguage":"pl-PL"},{"@type":"WebPage","@id":"https:\/\/basen.js-jarocin.pl\/index.php\/2025\/08\/20\/polkolonie-organizowane-przez-fundacje-rozwoju-lokalnej-spolecznosci\/","url":"https:\/\/basen.js-jarocin.pl\/index.php\/2025\/08\/20\/polkolonie-organizowane-przez-fundacje-rozwoju-lokalnej-spolecznosci\/","name":"P\u00f3\u0142kolonie organizowane przez Fundacje Rozwoju Lokalnej Spo\u0142eczno\u015bci - Aquapark Jarocin","isPartOf":{"@id":"https:\/\/basen.js-jarocin.pl\/#website"},"primaryImageOfPage":{"@id":"https:\/\/basen.js-jarocin.pl\/index.php\/2025\/08\/20\/polkolonie-organizowane-przez-fundacje-rozwoju-lokalnej-spolecznosci\/#primaryimage"},"image":{"@id":"https:\/\/basen.js-jarocin.pl\/index.php\/2025\/08\/20\/polkolonie-organizowane-przez-fundacje-rozwoju-lokalnej-spolecznosci\/#primaryimage"},"thumbnailUrl":"https:\/\/basen.js-jarocin.pl\/wp-content\/uploads\/2025\/08\/IMG-20250808-WA0029.jpg","datePublished":"2025-08-20T08:21:15+00:00","dateModified":"2025-08-20T08:24:46+00:00","author":{"@id":"https:\/\/basen.js-jarocin.pl\/#\/schema\/person\/a9a8f66b317b1881a392282790326b24"},"breadcrumb":{"@id":"https:\/\/basen.js-jarocin.pl\/index.php\/2025\/08\/20\/polkolonie-organizowane-przez-fundacje-rozwoju-lokalnej-spolecznosci\/#breadcrumb"},"inLanguage":"pl-PL","potentialAction":[{"@type":"ReadAction","target":["https:\/\/basen.js-jarocin.pl\/index.php\/2025\/08\/20\/polkolonie-organizowane-przez-fundacje-rozwoju-lokalnej-spolecznosci\/"]}]},{"@type":"ImageObject","inLanguage":"pl-PL","@id":"https:\/\/basen.js-jarocin.pl\/index.php\/2025\/08\/20\/polkolonie-organizowane-przez-fundacje-rozwoju-lokalnej-spolecznosci\/#primaryimage","url":"https:\/\/basen.js-jarocin.pl\/wp-content\/uploads\/2025\/08\/IMG-20250808-WA0029.jpg","contentUrl":"https:\/\/basen.js-jarocin.pl\/wp-content\/uploads\/2025\/08\/IMG-20250808-WA0029.jpg","width":1600,"height":1200},{"@type":"BreadcrumbList","@id":"https:\/\/basen.js-jarocin.pl\/index.php\/2025\/08\/20\/polkolonie-organizowane-przez-fundacje-rozwoju-lokalnej-spolecznosci\/#breadcrumb","itemListElement":[{"@type":"ListItem","position":1,"name":"Home","item":"https:\/\/basen.js-jarocin.pl\/"},{"@type":"ListItem","position":2,"name":"P\u00f3\u0142kolonie organizowane przez Fundacje Rozwoju Lokalnej Spo\u0142eczno\u015bci"}]},{"@type":"WebSite","@id":"https:\/\/basen.js-jarocin.pl\/#website","url":"https:\/\/basen.js-jarocin.pl\/","name":"Aquapark Jarocin","description":"","potentialAction":[{"@type":"SearchAction","target":{"@type":"EntryPoint","urlTemplate":"https:\/\/basen.js-jarocin.pl\/?s={search_term_string}"},"query-input":{"@type":"PropertyValueSpecification","valueRequired":true,"valueName":"search_term_string"}}],"inLanguage":"pl-PL"},{"@type":"Person","@id":"https:\/\/basen.js-jarocin.pl\/#\/schema\/person\/a9a8f66b317b1881a392282790326b24","name":"serwis","image":{"@type":"ImageObject","inLanguage":"pl-PL","@id":"https:\/\/secure.gravatar.com\/avatar\/3483dadc00327cfe2043d2a2d4e51dd16dd6fb99b4d67597887201e2748ee5b8?s=96&d=mm&r=g","url":"https:\/\/secure.gravatar.com\/avatar\/3483dadc00327cfe2043d2a2d4e51dd16dd6fb99b4d67597887201e2748ee5b8?s=96&d=mm&r=g","contentUrl":"https:\/\/secure.gravatar.com\/avatar\/3483dadc00327cfe2043d2a2d4e51dd16dd6fb99b4d67597887201e2748ee5b8?s=96&d=mm&r=g","caption":"serwis"},"url":"https:\/\/basen.js-jarocin.pl\/index.php\/author\/serwis\/"}]}},"rttpg_featured_image_url":{"full":["https:\/\/basen.js-jarocin.pl\/wp-content\/uploads\/2025\/08\/IMG-20250808-WA0029.jpg",1600,1200,false],"landscape":["https:\/\/basen.js-jarocin.pl\/wp-content\/uploads\/2025\/08\/IMG-20250808-WA0029.jpg",1600,1200,false],"portraits":["https:\/\/basen.js-jarocin.pl\/wp-content\/uploads\/2025\/08\/IMG-20250808-WA0029.jpg",1600,1200,false],"thumbnail":["https:\/\/basen.js-jarocin.pl\/wp-content\/uploads\/2025\/08\/IMG-20250808-WA0029-150x150.jpg",150,150,true],"medium":["https:\/\/basen.js-jarocin.pl\/wp-content\/uploads\/2025\/08\/IMG-20250808-WA0029-300x225.jpg",300,225,true],"large":["https:\/\/basen.js-jarocin.pl\/wp-content\/uploads\/2025\/08\/IMG-20250808-WA0029-1024x768.jpg",1024,768,true],"1536x1536":["https:\/\/basen.js-jarocin.pl\/wp-content\/uploads\/2025\/08\/IMG-20250808-WA0029-1536x1152.jpg",1536,1152,true],"2048x2048":["https:\/\/basen.js-jarocin.pl\/wp-content\/uploads\/2025\/08\/IMG-20250808-WA0029.jpg",1600,1200,false],"menu-thumb":["https:\/\/basen.js-jarocin.pl\/wp-content\/uploads\/2025\/08\/IMG-20250808-WA0029-330x230.jpg",330,230,true]},"rttpg_author":{"display_name":"serwis","author_link":"https:\/\/basen.js-jarocin.pl\/index.php\/author\/serwis\/"},"rttpg_comment":0,"rttpg_category":"<a href=\"https:\/\/basen.js-jarocin.pl\/index.php\/category\/aktualnosci\/\" rel=\"category tag\">Aktualno\u015bci<\/a>","rttpg_excerpt":"Fundacja Rozwoju Lokalnej Spo\u0142eczno\u015bci organizuje p\u00f3\u0142kolonie, kt\u00f3re odbywaj\u0105 si\u0119 w obiektach Jarocin Sport. Zaj\u0119cia przygotowane s\u0105 z my\u015bl\u0105 o dzieciach i m\u0142odzie\u017cy, zapewniaj\u0105c im aktywny i ciekawy wypoczynek w czasie wakacji. Ca\u0142e przedsi\u0119wzi\u0119cie jest finansowane ze \u015brodk\u00f3w Gminy Jarocin.","_links":{"self":[{"href":"https:\/\/basen.js-jarocin.pl\/index.php\/wp-json\/wp\/v2\/posts\/7193","targetHints":{"allow":["GET"]}}],"collection":[{"href":"https:\/\/basen.js-jarocin.pl\/index.php\/wp-json\/wp\/v2\/posts"}],"about":[{"href":"https:\/\/basen.js-jarocin.pl\/index.php\/wp-json\/wp\/v2\/types\/post"}],"author":[{"embeddable":true,"href":"https:\/\/basen.js-jarocin.pl\/index.php\/wp-json\/wp\/v2\/users\/2"}],"replies":[{"embeddable":true,"href":"https:\/\/basen.js-jarocin.pl\/index.php\/wp-json\/wp\/v2\/comments?post=7193"}],"version-history":[{"count":4,"href":"https:\/\/basen.js-jarocin.pl\/index.php\/wp-json\/wp\/v2\/posts\/7193\/revisions"}],"predecessor-version":[{"id":7202,"href":"https:\/\/basen.js-jarocin.pl\/index.php\/wp-json\/wp\/v2\/posts\/7193\/revisions\/7202"}],"wp:featuredmedia":[{"embeddable":true,"href":"https:\/\/basen.js-jarocin.pl\/index.php\/wp-json\/wp\/v2\/media\/7198"}],"wp:attachment":[{"href":"https:\/\/basen.js-jarocin.pl\/index.php\/wp-json\/wp\/v2\/media?parent=7193"}],"wp:term":[{"taxonomy":"category","embeddable":true,"href":"https:\/\/basen.js-jarocin.pl\/index.php\/wp-json\/wp\/v2\/categories?post=7193"},{"taxonomy":"post_tag","embeddable":true,"href":"https:\/\/basen.js-jarocin.pl\/index.php\/wp-json\/wp\/v2\/tags?post=7193"}],"curies":[{"name":"wp","href":"https:\/\/api.w.org\/{rel}","templated":true}]}}