{"id":6982,"date":"2025-06-30T11:02:59","date_gmt":"2025-06-30T09:02:59","guid":{"rendered":"https:\/\/basen.js-jarocin.pl\/?p=6982"},"modified":"2025-06-30T11:10:30","modified_gmt":"2025-06-30T09:10:30","slug":"wielkanocne-zawody-plywackie-pod-patronem-burmistrza-jarocina","status":"publish","type":"post","link":"https:\/\/basen.js-jarocin.pl\/index.php\/2025\/06\/30\/wielkanocne-zawody-plywackie-pod-patronem-burmistrza-jarocina\/","title":{"rendered":"Wielkanocne Zawody P\u0142ywackie Pod patronem Burmistrza Jarocina !"},"content":{"rendered":"\t\t<div data-elementor-type=\"wp-post\" data-elementor-id=\"6982\" class=\"elementor elementor-6982\">\n\t\t\t\t\t\t<section class=\"elementor-section elementor-top-section elementor-element elementor-element-4c2ae68 elementor-section-boxed elementor-section-height-default elementor-section-height-default\" data-id=\"4c2ae68\" data-element_type=\"section\" data-e-type=\"section\">\n\t\t\t\t\t\t<div class=\"elementor-container elementor-column-gap-default\">\n\t\t\t\t\t<div class=\"elementor-column elementor-col-100 elementor-top-column elementor-element elementor-element-f899f19\" data-id=\"f899f19\" data-element_type=\"column\" data-e-type=\"column\">\n\t\t\t<div class=\"elementor-widget-wrap elementor-element-populated\">\n\t\t\t\t\t\t<div class=\"elementor-element elementor-element-88803b9 elementor-widget elementor-widget-text-editor\" data-id=\"88803b9\" data-element_type=\"widget\" data-e-type=\"widget\" data-widget_type=\"text-editor.default\">\n\t\t\t\t<div class=\"elementor-widget-container\">\n\t\t\t\t\t\t\t\t\t<h6 class=\"x14z9mp xat24cr x1lziwak x1vvkbs xtlvy1s x126k92a\">Data: 13 kwietnia 2025 r. (niedziela) Start: 15:00 Miejsce: Jarocin Sport &#8211; Aquapark<\/h6><h6 class=\"x14z9mp xat24cr x1lziwak x1vvkbs xtlvy1s x126k92a\">Serdecznie zapraszamy wszystkich mi\u0142o\u015bnik\u00f3w p\u0142ywania do udzia\u0142u w naszych Wielkanocnych Zawodach P\u0142ywackich!<\/h6><h6 class=\"x14z9mp xat24cr x1lziwak x1vvkbs xtlvy1s x126k92a\">Uczestnicy musz\u0105 samodzielnie przep\u0142yn\u0105\u0107 wyznaczony dystans na torze g\u0142\u0119bokim<\/h6><div dir=\"auto\">Niezale\u017cnie od wieku czy umiej\u0119tno\u015bci, znajdziesz kategori\u0119 dla siebie:<\/div><h6 class=\"x14z9mp xat24cr x1lziwak x1vvkbs xtlvy1s x126k92a\">Kategorie \/ Konkurencje:<\/h6><div dir=\"auto\">\u2022 Rocznik 2018 i m\u0142odsi \u2013 25 m stylem dowolnym<\/div><div dir=\"auto\">\u2022 Rocznik 2017 \u2013 25 m stylem dowolnym<\/div><div dir=\"auto\">\u2022 Rocznik 2016 \u2013 25 m stylem dowolnym<\/div><div dir=\"auto\">\u2022 Rocznik 2015 \u2013 25 m stylem dowolnym<\/div><div dir=\"auto\">\u2022 Rocznik 2014 \u2013 25 m stylem dowolnym<\/div><div dir=\"auto\">\u2022 Rocznik 2013\/2012 \u2013 50 m stylem dowolnym<\/div><div dir=\"auto\">\u2022 Rocznik 2011\/2010 \u2013 50 m stylem dowolnym<\/div><div dir=\"auto\">\u2022 Rocznik 2009\/2008 \u2013 50 m stylem dowolnym<\/div><div dir=\"auto\">\u2022 Rocznik 2007\/2006\/2005 \u2013 50 m stylem dowolnym<\/div><div dir=\"auto\">\u2022 Kategoria dla os\u00f3b z niepe\u0142nosprawno\u015bci\u0105 \u2013 25 m stylem dowolnym<\/div><div dir=\"auto\">\u2022 Kategoria Open (2004 i starsi) \u2013 50 m stylem dowolnym<\/div><h6 class=\"x14z9mp xat24cr x1lziwak x1vvkbs xtlvy1s x126k92a\">Op\u0142ata Startowa:<\/h6><div dir=\"auto\">\u2022 15 z\u0142 od zawodnika<\/div><h6 class=\"x14z9mp xat24cr x1lziwak x1vvkbs xtlvy1s x126k92a\">\u2022 Ka\u017cdy uczestnik otrzyma wielkanocny pakiet startowy!<\/h6><h6 class=\"x14z9mp xat24cr x1lziwak x1vvkbs xtlvy1s x126k92a\">Nagrody:\u2022 Dyplomy, medale oraz nagrody rzeczowe dla miejsc I-III w ka\u017cdej kategorii<\/h6><h6 class=\"x14z9mp xat24cr x1lziwak x1vvkbs xtlvy1s x126k92a\">Uwaga:<\/h6><div dir=\"auto\">\u2022 Liczba miejsc ograniczona do 200 os\u00f3b<\/div><div dir=\"auto\">\u2022 Zg\u0142oszenia przyjmujemy do 06.04.2025 r.<\/div><h6 class=\"x14z9mp xat24cr x1lziwak x1vvkbs xtlvy1s x126k92a\">Zapisy online:<span class=\"html-span xdj266r x14z9mp xat24cr x1lziwak xexx8yu xyri2b x18d9i69 x1c1uobl x1hl2dhg x16tdsg8 x1vvkbs\"><a class=\"x1i10hfl xjbqb8w x1ejq31n x18oe1m7 x1sy0etr xstzfhl x972fbf x10w94by x1qhh985 x14e42zd x9f619 x1ypdohk xt0psk2 xe8uvvx xdj266r x14z9mp xat24cr x1lziwak xexx8yu xyri2b x18d9i69 x1c1uobl x16tdsg8 x1hl2dhg xggy1nq x1a2a7pz xkrqix3 x1sur9pj x1fey0fg x1s688f\" tabindex=\"0\" href=\"https:\/\/zapisy.activenow.pl\/jarocin-sport-zapisy-na...\/?fbclid=IwZXh0bgNhZW0CMTAAYnJpZBEwRnhVWTZWb29VZXRISEhCbwEeac-QM9smebcD-9MuBrX-o67YRCznAiSip83InT7dJpXfpmVkkLTFZfc8RfY_aem_QnhSZmDS4ZiHzV0Ch6u2pQ\" target=\"_blank\" rel=\"noopener\">https:\/\/zapisy.activenow.pl\/jarocin-sport-zapisy-na&#8230;\/<\/a><\/span><\/h6><h6 class=\"x14z9mp xat24cr x1lziwak x1vvkbs xtlvy1s x126k92a\">Do\u0142\u0105cz do nas i poczuj ducha sportowej rywalizacji w \u015bwi\u0105tecznym klimacie!<\/h6><div dir=\"auto\">Serdecznie zapraszamy!<\/div><div dir=\"auto\">Kontakt:<\/div><h6 class=\"x14z9mp xat24cr x1lziwak x1vvkbs xtlvy1s x126k92a\"><a class=\"mailto-link\" href=\"mailto:katarzyna.florkowska@js-jarocin.pl\" target=\"_blank\" rel=\"noopener\">katarzyna.florkowska@js-jarocin.pl<\/a>\u00a0508 397 347<\/h6><h6 class=\"x14z9mp xat24cr x1lziwak x1vvkbs xtlvy1s x126k92a\">Do zobaczenia na torze!<\/h6>\t\t\t\t\t\t\t\t<\/div>\n\t\t\t\t<\/div>\n\t\t\t\t\t<\/div>\n\t\t<\/div>\n\t\t\t\t\t<\/div>\n\t\t<\/section>\n\t\t\t\t<\/div>\n\t\t","protected":false},"excerpt":{"rendered":"<p>Data: 13 kwietnia 2025 r. (niedziela) Start: 15:00 Miejsce: Jarocin Sport &#8211; Aquapark Serdecznie zapraszamy wszystkich mi\u0142o\u015bnik\u00f3w p\u0142ywania do udzia\u0142u w naszych Wielkanocnych Zawodach P\u0142ywackich! Uczestnicy musz\u0105 samodzielnie przep\u0142yn\u0105\u0107 wyznaczony dystans na torze g\u0142\u0119bokim Niezale\u017cnie od wieku czy umiej\u0119tno\u015bci, znajdziesz kategori\u0119 dla siebie: Kategorie \/ Konkurencje: \u2022 Rocznik 2018 i m\u0142odsi \u2013 25 m stylem [&hellip;]<\/p>\n","protected":false},"author":2,"featured_media":6983,"comment_status":"closed","ping_status":"closed","sticky":false,"template":"","format":"standard","meta":{"site-sidebar-layout":"default","site-content-layout":"","ast-site-content-layout":"default","site-content-style":"default","site-sidebar-style":"default","ast-global-header-display":"","ast-banner-title-visibility":"","ast-main-header-display":"","ast-hfb-above-header-display":"","ast-hfb-below-header-display":"","ast-hfb-mobile-header-display":"","site-post-title":"","ast-breadcrumbs-content":"","ast-featured-img":"","footer-sml-layout":"","ast-disable-related-posts":"","theme-transparent-header-meta":"","adv-header-id-meta":"","stick-header-meta":"","header-above-stick-meta":"","header-main-stick-meta":"","header-below-stick-meta":"","astra-migrate-meta-layouts":"set","ast-page-background-enabled":"default","ast-page-background-meta":{"desktop":{"background-color":"var(--ast-global-color-4)","background-image":"","background-repeat":"repeat","background-position":"center center","background-size":"auto","background-attachment":"scroll","background-type":"","background-media":"","overlay-type":"","overlay-color":"","overlay-opacity":"","overlay-gradient":""},"tablet":{"background-color":"","background-image":"","background-repeat":"repeat","background-position":"center center","background-size":"auto","background-attachment":"scroll","background-type":"","background-media":"","overlay-type":"","overlay-color":"","overlay-opacity":"","overlay-gradient":""},"mobile":{"background-color":"","background-image":"","background-repeat":"repeat","background-position":"center center","background-size":"auto","background-attachment":"scroll","background-type":"","background-media":"","overlay-type":"","overlay-color":"","overlay-opacity":"","overlay-gradient":""}},"ast-content-background-meta":{"desktop":{"background-color":"var(--ast-global-color-5)","background-image":"","background-repeat":"repeat","background-position":"center center","background-size":"auto","background-attachment":"scroll","background-type":"","background-media":"","overlay-type":"","overlay-color":"","overlay-opacity":"","overlay-gradient":""},"tablet":{"background-color":"var(--ast-global-color-5)","background-image":"","background-repeat":"repeat","background-position":"center center","background-size":"auto","background-attachment":"scroll","background-type":"","background-media":"","overlay-type":"","overlay-color":"","overlay-opacity":"","overlay-gradient":""},"mobile":{"background-color":"var(--ast-global-color-5)","background-image":"","background-repeat":"repeat","background-position":"center center","background-size":"auto","background-attachment":"scroll","background-type":"","background-media":"","overlay-type":"","overlay-color":"","overlay-opacity":"","overlay-gradient":""}},"footnotes":""},"categories":[2],"tags":[],"class_list":["post-6982","post","type-post","status-publish","format-standard","has-post-thumbnail","hentry","category-aktualnosci"],"yoast_head":"<!-- This site is optimized with the Yoast SEO plugin v27.4 - https:\/\/yoast.com\/product\/yoast-seo-wordpress\/ -->\n<title>Wielkanocne Zawody P\u0142ywackie Pod patronem Burmistrza Jarocina ! - Aquapark Jarocin<\/title>\n<meta name=\"robots\" content=\"index, follow, max-snippet:-1, max-image-preview:large, max-video-preview:-1\" \/>\n<link rel=\"canonical\" href=\"https:\/\/basen.js-jarocin.pl\/index.php\/2025\/06\/30\/wielkanocne-zawody-plywackie-pod-patronem-burmistrza-jarocina\/\" \/>\n<meta property=\"og:locale\" content=\"pl_PL\" \/>\n<meta property=\"og:type\" content=\"article\" \/>\n<meta property=\"og:title\" content=\"Wielkanocne Zawody P\u0142ywackie Pod patronem Burmistrza Jarocina ! - Aquapark Jarocin\" \/>\n<meta property=\"og:description\" content=\"Data: 13 kwietnia 2025 r. (niedziela) Start: 15:00 Miejsce: Jarocin Sport &#8211; Aquapark Serdecznie zapraszamy wszystkich mi\u0142o\u015bnik\u00f3w p\u0142ywania do udzia\u0142u w naszych Wielkanocnych Zawodach P\u0142ywackich! Uczestnicy musz\u0105 samodzielnie przep\u0142yn\u0105\u0107 wyznaczony dystans na torze g\u0142\u0119bokim Niezale\u017cnie od wieku czy umiej\u0119tno\u015bci, znajdziesz kategori\u0119 dla siebie: Kategorie \/ Konkurencje: \u2022 Rocznik 2018 i m\u0142odsi \u2013 25 m stylem [&hellip;]\" \/>\n<meta property=\"og:url\" content=\"https:\/\/basen.js-jarocin.pl\/index.php\/2025\/06\/30\/wielkanocne-zawody-plywackie-pod-patronem-burmistrza-jarocina\/\" \/>\n<meta property=\"og:site_name\" content=\"Aquapark Jarocin\" \/>\n<meta property=\"article:published_time\" content=\"2025-06-30T09:02:59+00:00\" \/>\n<meta property=\"article:modified_time\" content=\"2025-06-30T09:10:30+00:00\" \/>\n<meta property=\"og:image\" content=\"https:\/\/basen.js-jarocin.pl\/wp-content\/uploads\/2025\/06\/Plakat-zawody-Wielkanocne-804x1024.png\" \/>\n\t<meta property=\"og:image:width\" content=\"804\" \/>\n\t<meta property=\"og:image:height\" content=\"1024\" \/>\n\t<meta property=\"og:image:type\" content=\"image\/png\" \/>\n<meta name=\"author\" content=\"serwis\" \/>\n<meta name=\"twitter:card\" content=\"summary_large_image\" \/>\n<meta name=\"twitter:label1\" content=\"Napisane przez\" \/>\n\t<meta name=\"twitter:data1\" content=\"serwis\" \/>\n\t<meta name=\"twitter:label2\" content=\"Szacowany czas czytania\" \/>\n\t<meta name=\"twitter:data2\" content=\"2 minuty\" \/>\n<script type=\"application\/ld+json\" class=\"yoast-schema-graph\">{\"@context\":\"https:\\\/\\\/schema.org\",\"@graph\":[{\"@type\":\"Article\",\"@id\":\"https:\\\/\\\/basen.js-jarocin.pl\\\/index.php\\\/2025\\\/06\\\/30\\\/wielkanocne-zawody-plywackie-pod-patronem-burmistrza-jarocina\\\/#article\",\"isPartOf\":{\"@id\":\"https:\\\/\\\/basen.js-jarocin.pl\\\/index.php\\\/2025\\\/06\\\/30\\\/wielkanocne-zawody-plywackie-pod-patronem-burmistrza-jarocina\\\/\"},\"author\":{\"name\":\"serwis\",\"@id\":\"https:\\\/\\\/basen.js-jarocin.pl\\\/#\\\/schema\\\/person\\\/a9a8f66b317b1881a392282790326b24\"},\"headline\":\"Wielkanocne Zawody P\u0142ywackie Pod patronem Burmistrza Jarocina !\",\"datePublished\":\"2025-06-30T09:02:59+00:00\",\"dateModified\":\"2025-06-30T09:10:30+00:00\",\"mainEntityOfPage\":{\"@id\":\"https:\\\/\\\/basen.js-jarocin.pl\\\/index.php\\\/2025\\\/06\\\/30\\\/wielkanocne-zawody-plywackie-pod-patronem-burmistrza-jarocina\\\/\"},\"wordCount\":185,\"image\":{\"@id\":\"https:\\\/\\\/basen.js-jarocin.pl\\\/index.php\\\/2025\\\/06\\\/30\\\/wielkanocne-zawody-plywackie-pod-patronem-burmistrza-jarocina\\\/#primaryimage\"},\"thumbnailUrl\":\"https:\\\/\\\/basen.js-jarocin.pl\\\/wp-content\\\/uploads\\\/2025\\\/06\\\/Plakat-zawody-Wielkanocne.png\",\"articleSection\":[\"Aktualno\u015bci\"],\"inLanguage\":\"pl-PL\"},{\"@type\":\"WebPage\",\"@id\":\"https:\\\/\\\/basen.js-jarocin.pl\\\/index.php\\\/2025\\\/06\\\/30\\\/wielkanocne-zawody-plywackie-pod-patronem-burmistrza-jarocina\\\/\",\"url\":\"https:\\\/\\\/basen.js-jarocin.pl\\\/index.php\\\/2025\\\/06\\\/30\\\/wielkanocne-zawody-plywackie-pod-patronem-burmistrza-jarocina\\\/\",\"name\":\"Wielkanocne Zawody P\u0142ywackie Pod patronem Burmistrza Jarocina ! - Aquapark Jarocin\",\"isPartOf\":{\"@id\":\"https:\\\/\\\/basen.js-jarocin.pl\\\/#website\"},\"primaryImageOfPage\":{\"@id\":\"https:\\\/\\\/basen.js-jarocin.pl\\\/index.php\\\/2025\\\/06\\\/30\\\/wielkanocne-zawody-plywackie-pod-patronem-burmistrza-jarocina\\\/#primaryimage\"},\"image\":{\"@id\":\"https:\\\/\\\/basen.js-jarocin.pl\\\/index.php\\\/2025\\\/06\\\/30\\\/wielkanocne-zawody-plywackie-pod-patronem-burmistrza-jarocina\\\/#primaryimage\"},\"thumbnailUrl\":\"https:\\\/\\\/basen.js-jarocin.pl\\\/wp-content\\\/uploads\\\/2025\\\/06\\\/Plakat-zawody-Wielkanocne.png\",\"datePublished\":\"2025-06-30T09:02:59+00:00\",\"dateModified\":\"2025-06-30T09:10:30+00:00\",\"author\":{\"@id\":\"https:\\\/\\\/basen.js-jarocin.pl\\\/#\\\/schema\\\/person\\\/a9a8f66b317b1881a392282790326b24\"},\"breadcrumb\":{\"@id\":\"https:\\\/\\\/basen.js-jarocin.pl\\\/index.php\\\/2025\\\/06\\\/30\\\/wielkanocne-zawody-plywackie-pod-patronem-burmistrza-jarocina\\\/#breadcrumb\"},\"inLanguage\":\"pl-PL\",\"potentialAction\":[{\"@type\":\"ReadAction\",\"target\":[\"https:\\\/\\\/basen.js-jarocin.pl\\\/index.php\\\/2025\\\/06\\\/30\\\/wielkanocne-zawody-plywackie-pod-patronem-burmistrza-jarocina\\\/\"]}]},{\"@type\":\"ImageObject\",\"inLanguage\":\"pl-PL\",\"@id\":\"https:\\\/\\\/basen.js-jarocin.pl\\\/index.php\\\/2025\\\/06\\\/30\\\/wielkanocne-zawody-plywackie-pod-patronem-burmistrza-jarocina\\\/#primaryimage\",\"url\":\"https:\\\/\\\/basen.js-jarocin.pl\\\/wp-content\\\/uploads\\\/2025\\\/06\\\/Plakat-zawody-Wielkanocne.png\",\"contentUrl\":\"https:\\\/\\\/basen.js-jarocin.pl\\\/wp-content\\\/uploads\\\/2025\\\/06\\\/Plakat-zawody-Wielkanocne.png\",\"width\":1571,\"height\":2000},{\"@type\":\"BreadcrumbList\",\"@id\":\"https:\\\/\\\/basen.js-jarocin.pl\\\/index.php\\\/2025\\\/06\\\/30\\\/wielkanocne-zawody-plywackie-pod-patronem-burmistrza-jarocina\\\/#breadcrumb\",\"itemListElement\":[{\"@type\":\"ListItem\",\"position\":1,\"name\":\"Home\",\"item\":\"https:\\\/\\\/basen.js-jarocin.pl\\\/\"},{\"@type\":\"ListItem\",\"position\":2,\"name\":\"Wielkanocne Zawody P\u0142ywackie Pod patronem Burmistrza Jarocina !\"}]},{\"@type\":\"WebSite\",\"@id\":\"https:\\\/\\\/basen.js-jarocin.pl\\\/#website\",\"url\":\"https:\\\/\\\/basen.js-jarocin.pl\\\/\",\"name\":\"Aquapark Jarocin\",\"description\":\"\",\"potentialAction\":[{\"@type\":\"SearchAction\",\"target\":{\"@type\":\"EntryPoint\",\"urlTemplate\":\"https:\\\/\\\/basen.js-jarocin.pl\\\/?s={search_term_string}\"},\"query-input\":{\"@type\":\"PropertyValueSpecification\",\"valueRequired\":true,\"valueName\":\"search_term_string\"}}],\"inLanguage\":\"pl-PL\"},{\"@type\":\"Person\",\"@id\":\"https:\\\/\\\/basen.js-jarocin.pl\\\/#\\\/schema\\\/person\\\/a9a8f66b317b1881a392282790326b24\",\"name\":\"serwis\",\"image\":{\"@type\":\"ImageObject\",\"inLanguage\":\"pl-PL\",\"@id\":\"https:\\\/\\\/secure.gravatar.com\\\/avatar\\\/3483dadc00327cfe2043d2a2d4e51dd16dd6fb99b4d67597887201e2748ee5b8?s=96&d=mm&r=g\",\"url\":\"https:\\\/\\\/secure.gravatar.com\\\/avatar\\\/3483dadc00327cfe2043d2a2d4e51dd16dd6fb99b4d67597887201e2748ee5b8?s=96&d=mm&r=g\",\"contentUrl\":\"https:\\\/\\\/secure.gravatar.com\\\/avatar\\\/3483dadc00327cfe2043d2a2d4e51dd16dd6fb99b4d67597887201e2748ee5b8?s=96&d=mm&r=g\",\"caption\":\"serwis\"},\"url\":\"https:\\\/\\\/basen.js-jarocin.pl\\\/index.php\\\/author\\\/serwis\\\/\"}]}<\/script>\n<!-- \/ Yoast SEO plugin. -->","yoast_head_json":{"title":"Wielkanocne Zawody P\u0142ywackie Pod patronem Burmistrza Jarocina ! - Aquapark Jarocin","robots":{"index":"index","follow":"follow","max-snippet":"max-snippet:-1","max-image-preview":"max-image-preview:large","max-video-preview":"max-video-preview:-1"},"canonical":"https:\/\/basen.js-jarocin.pl\/index.php\/2025\/06\/30\/wielkanocne-zawody-plywackie-pod-patronem-burmistrza-jarocina\/","og_locale":"pl_PL","og_type":"article","og_title":"Wielkanocne Zawody P\u0142ywackie Pod patronem Burmistrza Jarocina ! - Aquapark Jarocin","og_description":"Data: 13 kwietnia 2025 r. (niedziela) Start: 15:00 Miejsce: Jarocin Sport &#8211; Aquapark Serdecznie zapraszamy wszystkich mi\u0142o\u015bnik\u00f3w p\u0142ywania do udzia\u0142u w naszych Wielkanocnych Zawodach P\u0142ywackich! Uczestnicy musz\u0105 samodzielnie przep\u0142yn\u0105\u0107 wyznaczony dystans na torze g\u0142\u0119bokim Niezale\u017cnie od wieku czy umiej\u0119tno\u015bci, znajdziesz kategori\u0119 dla siebie: Kategorie \/ Konkurencje: \u2022 Rocznik 2018 i m\u0142odsi \u2013 25 m stylem [&hellip;]","og_url":"https:\/\/basen.js-jarocin.pl\/index.php\/2025\/06\/30\/wielkanocne-zawody-plywackie-pod-patronem-burmistrza-jarocina\/","og_site_name":"Aquapark Jarocin","article_published_time":"2025-06-30T09:02:59+00:00","article_modified_time":"2025-06-30T09:10:30+00:00","og_image":[{"width":804,"height":1024,"url":"https:\/\/basen.js-jarocin.pl\/wp-content\/uploads\/2025\/06\/Plakat-zawody-Wielkanocne-804x1024.png","type":"image\/png"}],"author":"serwis","twitter_card":"summary_large_image","twitter_misc":{"Napisane przez":"serwis","Szacowany czas czytania":"2 minuty"},"schema":{"@context":"https:\/\/schema.org","@graph":[{"@type":"Article","@id":"https:\/\/basen.js-jarocin.pl\/index.php\/2025\/06\/30\/wielkanocne-zawody-plywackie-pod-patronem-burmistrza-jarocina\/#article","isPartOf":{"@id":"https:\/\/basen.js-jarocin.pl\/index.php\/2025\/06\/30\/wielkanocne-zawody-plywackie-pod-patronem-burmistrza-jarocina\/"},"author":{"name":"serwis","@id":"https:\/\/basen.js-jarocin.pl\/#\/schema\/person\/a9a8f66b317b1881a392282790326b24"},"headline":"Wielkanocne Zawody P\u0142ywackie Pod patronem Burmistrza Jarocina !","datePublished":"2025-06-30T09:02:59+00:00","dateModified":"2025-06-30T09:10:30+00:00","mainEntityOfPage":{"@id":"https:\/\/basen.js-jarocin.pl\/index.php\/2025\/06\/30\/wielkanocne-zawody-plywackie-pod-patronem-burmistrza-jarocina\/"},"wordCount":185,"image":{"@id":"https:\/\/basen.js-jarocin.pl\/index.php\/2025\/06\/30\/wielkanocne-zawody-plywackie-pod-patronem-burmistrza-jarocina\/#primaryimage"},"thumbnailUrl":"https:\/\/basen.js-jarocin.pl\/wp-content\/uploads\/2025\/06\/Plakat-zawody-Wielkanocne.png","articleSection":["Aktualno\u015bci"],"inLanguage":"pl-PL"},{"@type":"WebPage","@id":"https:\/\/basen.js-jarocin.pl\/index.php\/2025\/06\/30\/wielkanocne-zawody-plywackie-pod-patronem-burmistrza-jarocina\/","url":"https:\/\/basen.js-jarocin.pl\/index.php\/2025\/06\/30\/wielkanocne-zawody-plywackie-pod-patronem-burmistrza-jarocina\/","name":"Wielkanocne Zawody P\u0142ywackie Pod patronem Burmistrza Jarocina ! - Aquapark Jarocin","isPartOf":{"@id":"https:\/\/basen.js-jarocin.pl\/#website"},"primaryImageOfPage":{"@id":"https:\/\/basen.js-jarocin.pl\/index.php\/2025\/06\/30\/wielkanocne-zawody-plywackie-pod-patronem-burmistrza-jarocina\/#primaryimage"},"image":{"@id":"https:\/\/basen.js-jarocin.pl\/index.php\/2025\/06\/30\/wielkanocne-zawody-plywackie-pod-patronem-burmistrza-jarocina\/#primaryimage"},"thumbnailUrl":"https:\/\/basen.js-jarocin.pl\/wp-content\/uploads\/2025\/06\/Plakat-zawody-Wielkanocne.png","datePublished":"2025-06-30T09:02:59+00:00","dateModified":"2025-06-30T09:10:30+00:00","author":{"@id":"https:\/\/basen.js-jarocin.pl\/#\/schema\/person\/a9a8f66b317b1881a392282790326b24"},"breadcrumb":{"@id":"https:\/\/basen.js-jarocin.pl\/index.php\/2025\/06\/30\/wielkanocne-zawody-plywackie-pod-patronem-burmistrza-jarocina\/#breadcrumb"},"inLanguage":"pl-PL","potentialAction":[{"@type":"ReadAction","target":["https:\/\/basen.js-jarocin.pl\/index.php\/2025\/06\/30\/wielkanocne-zawody-plywackie-pod-patronem-burmistrza-jarocina\/"]}]},{"@type":"ImageObject","inLanguage":"pl-PL","@id":"https:\/\/basen.js-jarocin.pl\/index.php\/2025\/06\/30\/wielkanocne-zawody-plywackie-pod-patronem-burmistrza-jarocina\/#primaryimage","url":"https:\/\/basen.js-jarocin.pl\/wp-content\/uploads\/2025\/06\/Plakat-zawody-Wielkanocne.png","contentUrl":"https:\/\/basen.js-jarocin.pl\/wp-content\/uploads\/2025\/06\/Plakat-zawody-Wielkanocne.png","width":1571,"height":2000},{"@type":"BreadcrumbList","@id":"https:\/\/basen.js-jarocin.pl\/index.php\/2025\/06\/30\/wielkanocne-zawody-plywackie-pod-patronem-burmistrza-jarocina\/#breadcrumb","itemListElement":[{"@type":"ListItem","position":1,"name":"Home","item":"https:\/\/basen.js-jarocin.pl\/"},{"@type":"ListItem","position":2,"name":"Wielkanocne Zawody P\u0142ywackie Pod patronem Burmistrza Jarocina !"}]},{"@type":"WebSite","@id":"https:\/\/basen.js-jarocin.pl\/#website","url":"https:\/\/basen.js-jarocin.pl\/","name":"Aquapark Jarocin","description":"","potentialAction":[{"@type":"SearchAction","target":{"@type":"EntryPoint","urlTemplate":"https:\/\/basen.js-jarocin.pl\/?s={search_term_string}"},"query-input":{"@type":"PropertyValueSpecification","valueRequired":true,"valueName":"search_term_string"}}],"inLanguage":"pl-PL"},{"@type":"Person","@id":"https:\/\/basen.js-jarocin.pl\/#\/schema\/person\/a9a8f66b317b1881a392282790326b24","name":"serwis","image":{"@type":"ImageObject","inLanguage":"pl-PL","@id":"https:\/\/secure.gravatar.com\/avatar\/3483dadc00327cfe2043d2a2d4e51dd16dd6fb99b4d67597887201e2748ee5b8?s=96&d=mm&r=g","url":"https:\/\/secure.gravatar.com\/avatar\/3483dadc00327cfe2043d2a2d4e51dd16dd6fb99b4d67597887201e2748ee5b8?s=96&d=mm&r=g","contentUrl":"https:\/\/secure.gravatar.com\/avatar\/3483dadc00327cfe2043d2a2d4e51dd16dd6fb99b4d67597887201e2748ee5b8?s=96&d=mm&r=g","caption":"serwis"},"url":"https:\/\/basen.js-jarocin.pl\/index.php\/author\/serwis\/"}]}},"rttpg_featured_image_url":{"full":["https:\/\/basen.js-jarocin.pl\/wp-content\/uploads\/2025\/06\/Plakat-zawody-Wielkanocne.png",1571,2000,false],"landscape":["https:\/\/basen.js-jarocin.pl\/wp-content\/uploads\/2025\/06\/Plakat-zawody-Wielkanocne.png",1571,2000,false],"portraits":["https:\/\/basen.js-jarocin.pl\/wp-content\/uploads\/2025\/06\/Plakat-zawody-Wielkanocne.png",1571,2000,false],"thumbnail":["https:\/\/basen.js-jarocin.pl\/wp-content\/uploads\/2025\/06\/Plakat-zawody-Wielkanocne-150x150.png",150,150,true],"medium":["https:\/\/basen.js-jarocin.pl\/wp-content\/uploads\/2025\/06\/Plakat-zawody-Wielkanocne-236x300.png",236,300,true],"large":["https:\/\/basen.js-jarocin.pl\/wp-content\/uploads\/2025\/06\/Plakat-zawody-Wielkanocne-804x1024.png",804,1024,true],"1536x1536":["https:\/\/basen.js-jarocin.pl\/wp-content\/uploads\/2025\/06\/Plakat-zawody-Wielkanocne-1207x1536.png",1207,1536,true],"2048x2048":["https:\/\/basen.js-jarocin.pl\/wp-content\/uploads\/2025\/06\/Plakat-zawody-Wielkanocne.png",1571,2000,false],"menu-thumb":["https:\/\/basen.js-jarocin.pl\/wp-content\/uploads\/2025\/06\/Plakat-zawody-Wielkanocne-330x230.png",330,230,true]},"rttpg_author":{"display_name":"serwis","author_link":"https:\/\/basen.js-jarocin.pl\/index.php\/author\/serwis\/"},"rttpg_comment":0,"rttpg_category":"<a href=\"https:\/\/basen.js-jarocin.pl\/index.php\/category\/aktualnosci\/\" rel=\"category tag\">Aktualno\u015bci<\/a>","rttpg_excerpt":"Data: 13 kwietnia 2025 r. (niedziela) Start: 15:00 Miejsce: Jarocin Sport &#8211; Aquapark Serdecznie zapraszamy wszystkich mi\u0142o\u015bnik\u00f3w p\u0142ywania do udzia\u0142u w naszych Wielkanocnych Zawodach P\u0142ywackich! Uczestnicy musz\u0105 samodzielnie przep\u0142yn\u0105\u0107 wyznaczony dystans na torze g\u0142\u0119bokim Niezale\u017cnie od wieku czy umiej\u0119tno\u015bci, znajdziesz kategori\u0119 dla siebie: Kategorie \/ Konkurencje: \u2022 Rocznik 2018 i m\u0142odsi \u2013 25 m stylem&hellip;","_links":{"self":[{"href":"https:\/\/basen.js-jarocin.pl\/index.php\/wp-json\/wp\/v2\/posts\/6982","targetHints":{"allow":["GET"]}}],"collection":[{"href":"https:\/\/basen.js-jarocin.pl\/index.php\/wp-json\/wp\/v2\/posts"}],"about":[{"href":"https:\/\/basen.js-jarocin.pl\/index.php\/wp-json\/wp\/v2\/types\/post"}],"author":[{"embeddable":true,"href":"https:\/\/basen.js-jarocin.pl\/index.php\/wp-json\/wp\/v2\/users\/2"}],"replies":[{"embeddable":true,"href":"https:\/\/basen.js-jarocin.pl\/index.php\/wp-json\/wp\/v2\/comments?post=6982"}],"version-history":[{"count":4,"href":"https:\/\/basen.js-jarocin.pl\/index.php\/wp-json\/wp\/v2\/posts\/6982\/revisions"}],"predecessor-version":[{"id":6987,"href":"https:\/\/basen.js-jarocin.pl\/index.php\/wp-json\/wp\/v2\/posts\/6982\/revisions\/6987"}],"wp:featuredmedia":[{"embeddable":true,"href":"https:\/\/basen.js-jarocin.pl\/index.php\/wp-json\/wp\/v2\/media\/6983"}],"wp:attachment":[{"href":"https:\/\/basen.js-jarocin.pl\/index.php\/wp-json\/wp\/v2\/media?parent=6982"}],"wp:term":[{"taxonomy":"category","embeddable":true,"href":"https:\/\/basen.js-jarocin.pl\/index.php\/wp-json\/wp\/v2\/categories?post=6982"},{"taxonomy":"post_tag","embeddable":true,"href":"https:\/\/basen.js-jarocin.pl\/index.php\/wp-json\/wp\/v2\/tags?post=6982"}],"curies":[{"name":"wp","href":"https:\/\/api.w.org\/{rel}","templated":true}]}}