{"id":2268,"date":"2023-01-03T15:40:00","date_gmt":"2023-01-03T14:40:00","guid":{"rendered":"https:\/\/info-omer.home.pl\/autoinstalator\/wordpressplugins21\/?p=2268"},"modified":"2023-02-05T15:41:38","modified_gmt":"2023-02-05T14:41:38","slug":"godziny-otwarcia-6-stycznia-2023-r","status":"publish","type":"post","link":"https:\/\/basen.js-jarocin.pl\/index.php\/2023\/01\/03\/godziny-otwarcia-6-stycznia-2023-r\/","title":{"rendered":"Godziny otwarcia 6 stycznia 2023 r."},"content":{"rendered":"\t\t<div data-elementor-type=\"wp-post\" data-elementor-id=\"2268\" class=\"elementor elementor-2268\">\n\t\t\t\t\t\t<section class=\"elementor-section elementor-top-section elementor-element elementor-element-e22caac elementor-section-boxed elementor-section-height-default elementor-section-height-default\" data-id=\"e22caac\" data-element_type=\"section\" data-e-type=\"section\">\n\t\t\t\t\t\t<div class=\"elementor-container elementor-column-gap-default\">\n\t\t\t\t\t<div class=\"elementor-column elementor-col-100 elementor-top-column elementor-element elementor-element-79ca06d\" data-id=\"79ca06d\" data-element_type=\"column\" data-e-type=\"column\">\n\t\t\t<div class=\"elementor-widget-wrap elementor-element-populated\">\n\t\t\t\t\t\t<div class=\"elementor-element elementor-element-f656d96 elementor-widget elementor-widget-text-editor\" data-id=\"f656d96\" data-element_type=\"widget\" data-e-type=\"widget\" data-widget_type=\"text-editor.default\">\n\t\t\t\t<div class=\"elementor-widget-container\">\n\t\t\t\t\t\t\t\t\t<p><span class=\"x3nfvp2 x1j61x8r x1fcty0u xdj266r xhhsvwb xat24cr xgzva0m xxymvpz xlup9mm x1kky2od\"><img decoding=\"async\" src=\"https:\/\/static.xx.fbcdn.net\/images\/emoji.php\/v9\/tfb\/1\/16\/1f5e3.png\" alt=\"\ud83d\udde3\ufe0f\" width=\"16\" height=\"16\" \/><\/span><span class=\"x3nfvp2 x1j61x8r x1fcty0u xdj266r xhhsvwb xat24cr xgzva0m xxymvpz xlup9mm x1kky2od\"><img decoding=\"async\" src=\"https:\/\/static.xx.fbcdn.net\/images\/emoji.php\/v9\/tfb\/1\/16\/1f5e3.png\" alt=\"\ud83d\udde3\ufe0f\" width=\"16\" height=\"16\" \/><\/span><span class=\"x3nfvp2 x1j61x8r x1fcty0u xdj266r xhhsvwb xat24cr xgzva0m xxymvpz xlup9mm x1kky2od\"><img decoding=\"async\" src=\"https:\/\/static.xx.fbcdn.net\/images\/emoji.php\/v9\/tfb\/1\/16\/1f5e3.png\" alt=\"\ud83d\udde3\ufe0f\" width=\"16\" height=\"16\" \/><\/span> Informujemy, \u017ce 6 stycznia basen <span class=\"x3nfvp2 x1j61x8r x1fcty0u xdj266r xhhsvwb xat24cr xgzva0m xxymvpz xlup9mm x1kky2od\"><img decoding=\"async\" src=\"https:\/\/static.xx.fbcdn.net\/images\/emoji.php\/v9\/t57\/1\/16\/1f3ca_200d_2640.png\" alt=\"\ud83c\udfca\u200d\u2640\" width=\"16\" height=\"16\" \/><\/span><span class=\"x3nfvp2 x1j61x8r x1fcty0u xdj266r xhhsvwb xat24cr xgzva0m xxymvpz xlup9mm x1kky2od\"><img decoding=\"async\" src=\"https:\/\/static.xx.fbcdn.net\/images\/emoji.php\/v9\/t59\/1\/16\/1f3ca_200d_2642.png\" alt=\"\ud83c\udfca\u200d\u2642\" width=\"16\" height=\"16\" \/><\/span><span class=\"x3nfvp2 x1j61x8r x1fcty0u xdj266r xhhsvwb xat24cr xgzva0m xxymvpz xlup9mm x1kky2od\"><img loading=\"lazy\" decoding=\"async\" src=\"https:\/\/static.xx.fbcdn.net\/images\/emoji.php\/v9\/t69\/1\/16\/1f3ca.png\" alt=\"\ud83c\udfca\" width=\"16\" height=\"16\" \/><\/span> b\u0119dzie czynny tak jak zazwyczaj &#8211; w godzinach od 6.30 do 22.00 <span class=\"x3nfvp2 x1j61x8r x1fcty0u xdj266r xhhsvwb xat24cr xgzva0m xxymvpz xlup9mm x1kky2od\"><img loading=\"lazy\" decoding=\"async\" src=\"https:\/\/static.xx.fbcdn.net\/images\/emoji.php\/v9\/tfc\/1\/16\/1f44d.png\" alt=\"\ud83d\udc4d\" width=\"16\" height=\"16\" \/><\/span><span class=\"x3nfvp2 x1j61x8r x1fcty0u xdj266r xhhsvwb xat24cr xgzva0m xxymvpz xlup9mm x1kky2od\"><img loading=\"lazy\" decoding=\"async\" src=\"https:\/\/static.xx.fbcdn.net\/images\/emoji.php\/v9\/tfc\/1\/16\/1f44d.png\" alt=\"\ud83d\udc4d\" width=\"16\" height=\"16\" \/><\/span><span class=\"x3nfvp2 x1j61x8r x1fcty0u xdj266r xhhsvwb xat24cr xgzva0m xxymvpz xlup9mm x1kky2od\"><img loading=\"lazy\" decoding=\"async\" src=\"https:\/\/static.xx.fbcdn.net\/images\/emoji.php\/v9\/tfc\/1\/16\/1f44d.png\" alt=\"\ud83d\udc4d\" width=\"16\" height=\"16\" \/><\/span><\/p>\t\t\t\t\t\t\t\t<\/div>\n\t\t\t\t<\/div>\n\t\t\t\t\t<\/div>\n\t\t<\/div>\n\t\t\t\t\t<\/div>\n\t\t<\/section>\n\t\t\t\t<\/div>\n\t\t","protected":false},"excerpt":{"rendered":"<p>Informujemy, \u017ce 6 stycznia basen b\u0119dzie czynny tak jak zazwyczaj &#8211; w godzinach od 6.30 do 22.00<\/p>\n","protected":false},"author":4,"featured_media":2276,"comment_status":"closed","ping_status":"closed","sticky":false,"template":"","format":"standard","meta":{"site-sidebar-layout":"default","site-content-layout":"","ast-site-content-layout":"default","site-content-style":"default","site-sidebar-style":"default","ast-global-header-display":"","ast-banner-title-visibility":"","ast-main-header-display":"","ast-hfb-above-header-display":"","ast-hfb-below-header-display":"","ast-hfb-mobile-header-display":"","site-post-title":"","ast-breadcrumbs-content":"","ast-featured-img":"","footer-sml-layout":"","ast-disable-related-posts":"","theme-transparent-header-meta":"","adv-header-id-meta":"","stick-header-meta":"","header-above-stick-meta":"","header-main-stick-meta":"","header-below-stick-meta":"","astra-migrate-meta-layouts":"default","ast-page-background-enabled":"default","ast-page-background-meta":{"desktop":{"background-color":"var(--ast-global-color-4)","background-image":"","background-repeat":"repeat","background-position":"center center","background-size":"auto","background-attachment":"scroll","background-type":"","background-media":"","overlay-type":"","overlay-color":"","overlay-opacity":"","overlay-gradient":""},"tablet":{"background-color":"","background-image":"","background-repeat":"repeat","background-position":"center center","background-size":"auto","background-attachment":"scroll","background-type":"","background-media":"","overlay-type":"","overlay-color":"","overlay-opacity":"","overlay-gradient":""},"mobile":{"background-color":"","background-image":"","background-repeat":"repeat","background-position":"center center","background-size":"auto","background-attachment":"scroll","background-type":"","background-media":"","overlay-type":"","overlay-color":"","overlay-opacity":"","overlay-gradient":""}},"ast-content-background-meta":{"desktop":{"background-color":"var(--ast-global-color-5)","background-image":"","background-repeat":"repeat","background-position":"center center","background-size":"auto","background-attachment":"scroll","background-type":"","background-media":"","overlay-type":"","overlay-color":"","overlay-opacity":"","overlay-gradient":""},"tablet":{"background-color":"var(--ast-global-color-5)","background-image":"","background-repeat":"repeat","background-position":"center center","background-size":"auto","background-attachment":"scroll","background-type":"","background-media":"","overlay-type":"","overlay-color":"","overlay-opacity":"","overlay-gradient":""},"mobile":{"background-color":"var(--ast-global-color-5)","background-image":"","background-repeat":"repeat","background-position":"center center","background-size":"auto","background-attachment":"scroll","background-type":"","background-media":"","overlay-type":"","overlay-color":"","overlay-opacity":"","overlay-gradient":""}},"footnotes":""},"categories":[2],"tags":[],"class_list":["post-2268","post","type-post","status-publish","format-standard","has-post-thumbnail","hentry","category-aktualnosci"],"yoast_head":"<!-- This site is optimized with the Yoast SEO plugin v27.4 - https:\/\/yoast.com\/product\/yoast-seo-wordpress\/ -->\n<title>Godziny otwarcia 6 stycznia 2023 r. - Aquapark Jarocin<\/title>\n<meta name=\"robots\" content=\"index, follow, max-snippet:-1, max-image-preview:large, max-video-preview:-1\" \/>\n<link rel=\"canonical\" href=\"http:\/\/info-omer.home.pl\/autoinstalator\/wordpressplugins21\/index.php\/2023\/01\/03\/godziny-otwarcia-6-stycznia-2023-r\/\" \/>\n<meta property=\"og:locale\" content=\"pl_PL\" \/>\n<meta property=\"og:type\" content=\"article\" \/>\n<meta property=\"og:title\" content=\"Godziny otwarcia 6 stycznia 2023 r. - Aquapark Jarocin\" \/>\n<meta property=\"og:description\" content=\"Informujemy, \u017ce 6 stycznia basen b\u0119dzie czynny tak jak zazwyczaj &#8211; w godzinach od 6.30 do 22.00\" \/>\n<meta property=\"og:url\" content=\"http:\/\/info-omer.home.pl\/autoinstalator\/wordpressplugins21\/index.php\/2023\/01\/03\/godziny-otwarcia-6-stycznia-2023-r\/\" \/>\n<meta property=\"og:site_name\" content=\"Aquapark Jarocin\" \/>\n<meta property=\"article:published_time\" content=\"2023-01-03T14:40:00+00:00\" \/>\n<meta property=\"article:modified_time\" content=\"2023-02-05T14:41:38+00:00\" \/>\n<meta property=\"og:image\" content=\"http:\/\/info-omer.home.pl\/autoinstalator\/wordpressplugins21\/wp-content\/uploads\/2023\/02\/6-stycznia-komunikat.jpg\" \/>\n\t<meta property=\"og:image:width\" content=\"2048\" \/>\n\t<meta property=\"og:image:height\" content=\"1638\" \/>\n\t<meta property=\"og:image:type\" content=\"image\/jpeg\" \/>\n<meta name=\"author\" content=\"Ewa \u0141ag\u00f3dka\" \/>\n<meta name=\"twitter:card\" content=\"summary_large_image\" \/>\n<meta name=\"twitter:label1\" content=\"Napisane przez\" \/>\n\t<meta name=\"twitter:data1\" content=\"Ewa \u0141ag\u00f3dka\" \/>\n\t<meta name=\"twitter:label2\" content=\"Szacowany czas czytania\" \/>\n\t<meta name=\"twitter:data2\" content=\"2 minuty\" \/>\n<script type=\"application\/ld+json\" class=\"yoast-schema-graph\">{\"@context\":\"https:\\\/\\\/schema.org\",\"@graph\":[{\"@type\":\"Article\",\"@id\":\"http:\\\/\\\/info-omer.home.pl\\\/autoinstalator\\\/wordpressplugins21\\\/index.php\\\/2023\\\/01\\\/03\\\/godziny-otwarcia-6-stycznia-2023-r\\\/#article\",\"isPartOf\":{\"@id\":\"http:\\\/\\\/info-omer.home.pl\\\/autoinstalator\\\/wordpressplugins21\\\/index.php\\\/2023\\\/01\\\/03\\\/godziny-otwarcia-6-stycznia-2023-r\\\/\"},\"author\":{\"name\":\"Ewa \u0141ag\u00f3dka\",\"@id\":\"https:\\\/\\\/basen.js-jarocin.pl\\\/#\\\/schema\\\/person\\\/301e03770cf1c5e8e61ccffa2ad733a7\"},\"headline\":\"Godziny otwarcia 6 stycznia 2023 r.\",\"datePublished\":\"2023-01-03T14:40:00+00:00\",\"dateModified\":\"2023-02-05T14:41:38+00:00\",\"mainEntityOfPage\":{\"@id\":\"http:\\\/\\\/info-omer.home.pl\\\/autoinstalator\\\/wordpressplugins21\\\/index.php\\\/2023\\\/01\\\/03\\\/godziny-otwarcia-6-stycznia-2023-r\\\/\"},\"wordCount\":19,\"image\":{\"@id\":\"http:\\\/\\\/info-omer.home.pl\\\/autoinstalator\\\/wordpressplugins21\\\/index.php\\\/2023\\\/01\\\/03\\\/godziny-otwarcia-6-stycznia-2023-r\\\/#primaryimage\"},\"thumbnailUrl\":\"https:\\\/\\\/basen.js-jarocin.pl\\\/wp-content\\\/uploads\\\/2023\\\/02\\\/6-stycznia-komunikat.jpg\",\"articleSection\":[\"Aktualno\u015bci\"],\"inLanguage\":\"pl-PL\"},{\"@type\":\"WebPage\",\"@id\":\"http:\\\/\\\/info-omer.home.pl\\\/autoinstalator\\\/wordpressplugins21\\\/index.php\\\/2023\\\/01\\\/03\\\/godziny-otwarcia-6-stycznia-2023-r\\\/\",\"url\":\"http:\\\/\\\/info-omer.home.pl\\\/autoinstalator\\\/wordpressplugins21\\\/index.php\\\/2023\\\/01\\\/03\\\/godziny-otwarcia-6-stycznia-2023-r\\\/\",\"name\":\"Godziny otwarcia 6 stycznia 2023 r. - Aquapark Jarocin\",\"isPartOf\":{\"@id\":\"https:\\\/\\\/basen.js-jarocin.pl\\\/#website\"},\"primaryImageOfPage\":{\"@id\":\"http:\\\/\\\/info-omer.home.pl\\\/autoinstalator\\\/wordpressplugins21\\\/index.php\\\/2023\\\/01\\\/03\\\/godziny-otwarcia-6-stycznia-2023-r\\\/#primaryimage\"},\"image\":{\"@id\":\"http:\\\/\\\/info-omer.home.pl\\\/autoinstalator\\\/wordpressplugins21\\\/index.php\\\/2023\\\/01\\\/03\\\/godziny-otwarcia-6-stycznia-2023-r\\\/#primaryimage\"},\"thumbnailUrl\":\"https:\\\/\\\/basen.js-jarocin.pl\\\/wp-content\\\/uploads\\\/2023\\\/02\\\/6-stycznia-komunikat.jpg\",\"datePublished\":\"2023-01-03T14:40:00+00:00\",\"dateModified\":\"2023-02-05T14:41:38+00:00\",\"author\":{\"@id\":\"https:\\\/\\\/basen.js-jarocin.pl\\\/#\\\/schema\\\/person\\\/301e03770cf1c5e8e61ccffa2ad733a7\"},\"breadcrumb\":{\"@id\":\"http:\\\/\\\/info-omer.home.pl\\\/autoinstalator\\\/wordpressplugins21\\\/index.php\\\/2023\\\/01\\\/03\\\/godziny-otwarcia-6-stycznia-2023-r\\\/#breadcrumb\"},\"inLanguage\":\"pl-PL\",\"potentialAction\":[{\"@type\":\"ReadAction\",\"target\":[\"http:\\\/\\\/info-omer.home.pl\\\/autoinstalator\\\/wordpressplugins21\\\/index.php\\\/2023\\\/01\\\/03\\\/godziny-otwarcia-6-stycznia-2023-r\\\/\"]}]},{\"@type\":\"ImageObject\",\"inLanguage\":\"pl-PL\",\"@id\":\"http:\\\/\\\/info-omer.home.pl\\\/autoinstalator\\\/wordpressplugins21\\\/index.php\\\/2023\\\/01\\\/03\\\/godziny-otwarcia-6-stycznia-2023-r\\\/#primaryimage\",\"url\":\"https:\\\/\\\/basen.js-jarocin.pl\\\/wp-content\\\/uploads\\\/2023\\\/02\\\/6-stycznia-komunikat.jpg\",\"contentUrl\":\"https:\\\/\\\/basen.js-jarocin.pl\\\/wp-content\\\/uploads\\\/2023\\\/02\\\/6-stycznia-komunikat.jpg\",\"width\":2048,\"height\":1638},{\"@type\":\"BreadcrumbList\",\"@id\":\"http:\\\/\\\/info-omer.home.pl\\\/autoinstalator\\\/wordpressplugins21\\\/index.php\\\/2023\\\/01\\\/03\\\/godziny-otwarcia-6-stycznia-2023-r\\\/#breadcrumb\",\"itemListElement\":[{\"@type\":\"ListItem\",\"position\":1,\"name\":\"Home\",\"item\":\"https:\\\/\\\/basen.js-jarocin.pl\\\/\"},{\"@type\":\"ListItem\",\"position\":2,\"name\":\"Godziny otwarcia 6 stycznia 2023 r.\"}]},{\"@type\":\"WebSite\",\"@id\":\"https:\\\/\\\/basen.js-jarocin.pl\\\/#website\",\"url\":\"https:\\\/\\\/basen.js-jarocin.pl\\\/\",\"name\":\"Aquapark Jarocin\",\"description\":\"\",\"potentialAction\":[{\"@type\":\"SearchAction\",\"target\":{\"@type\":\"EntryPoint\",\"urlTemplate\":\"https:\\\/\\\/basen.js-jarocin.pl\\\/?s={search_term_string}\"},\"query-input\":{\"@type\":\"PropertyValueSpecification\",\"valueRequired\":true,\"valueName\":\"search_term_string\"}}],\"inLanguage\":\"pl-PL\"},{\"@type\":\"Person\",\"@id\":\"https:\\\/\\\/basen.js-jarocin.pl\\\/#\\\/schema\\\/person\\\/301e03770cf1c5e8e61ccffa2ad733a7\",\"name\":\"Ewa \u0141ag\u00f3dka\",\"image\":{\"@type\":\"ImageObject\",\"inLanguage\":\"pl-PL\",\"@id\":\"https:\\\/\\\/secure.gravatar.com\\\/avatar\\\/80c68be5fa9332bf38405543abb43670d56f066c04dfbb47ff579c737b51b45f?s=96&d=mm&r=g\",\"url\":\"https:\\\/\\\/secure.gravatar.com\\\/avatar\\\/80c68be5fa9332bf38405543abb43670d56f066c04dfbb47ff579c737b51b45f?s=96&d=mm&r=g\",\"contentUrl\":\"https:\\\/\\\/secure.gravatar.com\\\/avatar\\\/80c68be5fa9332bf38405543abb43670d56f066c04dfbb47ff579c737b51b45f?s=96&d=mm&r=g\",\"caption\":\"Ewa \u0141ag\u00f3dka\"},\"url\":\"https:\\\/\\\/basen.js-jarocin.pl\\\/index.php\\\/author\\\/ewal\\\/\"}]}<\/script>\n<!-- \/ Yoast SEO plugin. -->","yoast_head_json":{"title":"Godziny otwarcia 6 stycznia 2023 r. - Aquapark Jarocin","robots":{"index":"index","follow":"follow","max-snippet":"max-snippet:-1","max-image-preview":"max-image-preview:large","max-video-preview":"max-video-preview:-1"},"canonical":"http:\/\/info-omer.home.pl\/autoinstalator\/wordpressplugins21\/index.php\/2023\/01\/03\/godziny-otwarcia-6-stycznia-2023-r\/","og_locale":"pl_PL","og_type":"article","og_title":"Godziny otwarcia 6 stycznia 2023 r. - Aquapark Jarocin","og_description":"Informujemy, \u017ce 6 stycznia basen b\u0119dzie czynny tak jak zazwyczaj &#8211; w godzinach od 6.30 do 22.00","og_url":"http:\/\/info-omer.home.pl\/autoinstalator\/wordpressplugins21\/index.php\/2023\/01\/03\/godziny-otwarcia-6-stycznia-2023-r\/","og_site_name":"Aquapark Jarocin","article_published_time":"2023-01-03T14:40:00+00:00","article_modified_time":"2023-02-05T14:41:38+00:00","og_image":[{"width":2048,"height":1638,"url":"http:\/\/info-omer.home.pl\/autoinstalator\/wordpressplugins21\/wp-content\/uploads\/2023\/02\/6-stycznia-komunikat.jpg","type":"image\/jpeg"}],"author":"Ewa \u0141ag\u00f3dka","twitter_card":"summary_large_image","twitter_misc":{"Napisane przez":"Ewa \u0141ag\u00f3dka","Szacowany czas czytania":"2 minuty"},"schema":{"@context":"https:\/\/schema.org","@graph":[{"@type":"Article","@id":"http:\/\/info-omer.home.pl\/autoinstalator\/wordpressplugins21\/index.php\/2023\/01\/03\/godziny-otwarcia-6-stycznia-2023-r\/#article","isPartOf":{"@id":"http:\/\/info-omer.home.pl\/autoinstalator\/wordpressplugins21\/index.php\/2023\/01\/03\/godziny-otwarcia-6-stycznia-2023-r\/"},"author":{"name":"Ewa \u0141ag\u00f3dka","@id":"https:\/\/basen.js-jarocin.pl\/#\/schema\/person\/301e03770cf1c5e8e61ccffa2ad733a7"},"headline":"Godziny otwarcia 6 stycznia 2023 r.","datePublished":"2023-01-03T14:40:00+00:00","dateModified":"2023-02-05T14:41:38+00:00","mainEntityOfPage":{"@id":"http:\/\/info-omer.home.pl\/autoinstalator\/wordpressplugins21\/index.php\/2023\/01\/03\/godziny-otwarcia-6-stycznia-2023-r\/"},"wordCount":19,"image":{"@id":"http:\/\/info-omer.home.pl\/autoinstalator\/wordpressplugins21\/index.php\/2023\/01\/03\/godziny-otwarcia-6-stycznia-2023-r\/#primaryimage"},"thumbnailUrl":"https:\/\/basen.js-jarocin.pl\/wp-content\/uploads\/2023\/02\/6-stycznia-komunikat.jpg","articleSection":["Aktualno\u015bci"],"inLanguage":"pl-PL"},{"@type":"WebPage","@id":"http:\/\/info-omer.home.pl\/autoinstalator\/wordpressplugins21\/index.php\/2023\/01\/03\/godziny-otwarcia-6-stycznia-2023-r\/","url":"http:\/\/info-omer.home.pl\/autoinstalator\/wordpressplugins21\/index.php\/2023\/01\/03\/godziny-otwarcia-6-stycznia-2023-r\/","name":"Godziny otwarcia 6 stycznia 2023 r. - Aquapark Jarocin","isPartOf":{"@id":"https:\/\/basen.js-jarocin.pl\/#website"},"primaryImageOfPage":{"@id":"http:\/\/info-omer.home.pl\/autoinstalator\/wordpressplugins21\/index.php\/2023\/01\/03\/godziny-otwarcia-6-stycznia-2023-r\/#primaryimage"},"image":{"@id":"http:\/\/info-omer.home.pl\/autoinstalator\/wordpressplugins21\/index.php\/2023\/01\/03\/godziny-otwarcia-6-stycznia-2023-r\/#primaryimage"},"thumbnailUrl":"https:\/\/basen.js-jarocin.pl\/wp-content\/uploads\/2023\/02\/6-stycznia-komunikat.jpg","datePublished":"2023-01-03T14:40:00+00:00","dateModified":"2023-02-05T14:41:38+00:00","author":{"@id":"https:\/\/basen.js-jarocin.pl\/#\/schema\/person\/301e03770cf1c5e8e61ccffa2ad733a7"},"breadcrumb":{"@id":"http:\/\/info-omer.home.pl\/autoinstalator\/wordpressplugins21\/index.php\/2023\/01\/03\/godziny-otwarcia-6-stycznia-2023-r\/#breadcrumb"},"inLanguage":"pl-PL","potentialAction":[{"@type":"ReadAction","target":["http:\/\/info-omer.home.pl\/autoinstalator\/wordpressplugins21\/index.php\/2023\/01\/03\/godziny-otwarcia-6-stycznia-2023-r\/"]}]},{"@type":"ImageObject","inLanguage":"pl-PL","@id":"http:\/\/info-omer.home.pl\/autoinstalator\/wordpressplugins21\/index.php\/2023\/01\/03\/godziny-otwarcia-6-stycznia-2023-r\/#primaryimage","url":"https:\/\/basen.js-jarocin.pl\/wp-content\/uploads\/2023\/02\/6-stycznia-komunikat.jpg","contentUrl":"https:\/\/basen.js-jarocin.pl\/wp-content\/uploads\/2023\/02\/6-stycznia-komunikat.jpg","width":2048,"height":1638},{"@type":"BreadcrumbList","@id":"http:\/\/info-omer.home.pl\/autoinstalator\/wordpressplugins21\/index.php\/2023\/01\/03\/godziny-otwarcia-6-stycznia-2023-r\/#breadcrumb","itemListElement":[{"@type":"ListItem","position":1,"name":"Home","item":"https:\/\/basen.js-jarocin.pl\/"},{"@type":"ListItem","position":2,"name":"Godziny otwarcia 6 stycznia 2023 r."}]},{"@type":"WebSite","@id":"https:\/\/basen.js-jarocin.pl\/#website","url":"https:\/\/basen.js-jarocin.pl\/","name":"Aquapark Jarocin","description":"","potentialAction":[{"@type":"SearchAction","target":{"@type":"EntryPoint","urlTemplate":"https:\/\/basen.js-jarocin.pl\/?s={search_term_string}"},"query-input":{"@type":"PropertyValueSpecification","valueRequired":true,"valueName":"search_term_string"}}],"inLanguage":"pl-PL"},{"@type":"Person","@id":"https:\/\/basen.js-jarocin.pl\/#\/schema\/person\/301e03770cf1c5e8e61ccffa2ad733a7","name":"Ewa \u0141ag\u00f3dka","image":{"@type":"ImageObject","inLanguage":"pl-PL","@id":"https:\/\/secure.gravatar.com\/avatar\/80c68be5fa9332bf38405543abb43670d56f066c04dfbb47ff579c737b51b45f?s=96&d=mm&r=g","url":"https:\/\/secure.gravatar.com\/avatar\/80c68be5fa9332bf38405543abb43670d56f066c04dfbb47ff579c737b51b45f?s=96&d=mm&r=g","contentUrl":"https:\/\/secure.gravatar.com\/avatar\/80c68be5fa9332bf38405543abb43670d56f066c04dfbb47ff579c737b51b45f?s=96&d=mm&r=g","caption":"Ewa \u0141ag\u00f3dka"},"url":"https:\/\/basen.js-jarocin.pl\/index.php\/author\/ewal\/"}]}},"rttpg_featured_image_url":{"full":["https:\/\/basen.js-jarocin.pl\/wp-content\/uploads\/2023\/02\/6-stycznia-komunikat.jpg",2048,1638,false],"landscape":["https:\/\/basen.js-jarocin.pl\/wp-content\/uploads\/2023\/02\/6-stycznia-komunikat.jpg",2048,1638,false],"portraits":["https:\/\/basen.js-jarocin.pl\/wp-content\/uploads\/2023\/02\/6-stycznia-komunikat.jpg",2048,1638,false],"thumbnail":["https:\/\/basen.js-jarocin.pl\/wp-content\/uploads\/2023\/02\/6-stycznia-komunikat-150x150.jpg",150,150,true],"medium":["https:\/\/basen.js-jarocin.pl\/wp-content\/uploads\/2023\/02\/6-stycznia-komunikat-300x240.jpg",300,240,true],"large":["https:\/\/basen.js-jarocin.pl\/wp-content\/uploads\/2023\/02\/6-stycznia-komunikat-1024x819.jpg",1024,819,true],"1536x1536":["https:\/\/basen.js-jarocin.pl\/wp-content\/uploads\/2023\/02\/6-stycznia-komunikat-1536x1229.jpg",1536,1229,true],"2048x2048":["https:\/\/basen.js-jarocin.pl\/wp-content\/uploads\/2023\/02\/6-stycznia-komunikat.jpg",2048,1638,false],"menu-thumb":["https:\/\/basen.js-jarocin.pl\/wp-content\/uploads\/2023\/02\/6-stycznia-komunikat-330x230.jpg",330,230,true]},"rttpg_author":{"display_name":"Ewa \u0141ag\u00f3dka","author_link":"https:\/\/basen.js-jarocin.pl\/index.php\/author\/ewal\/"},"rttpg_comment":0,"rttpg_category":"<a href=\"https:\/\/basen.js-jarocin.pl\/index.php\/category\/aktualnosci\/\" rel=\"category tag\">Aktualno\u015bci<\/a>","rttpg_excerpt":"Informujemy, \u017ce 6 stycznia basen b\u0119dzie czynny tak jak zazwyczaj &#8211; w godzinach od 6.30 do 22.00","_links":{"self":[{"href":"https:\/\/basen.js-jarocin.pl\/index.php\/wp-json\/wp\/v2\/posts\/2268","targetHints":{"allow":["GET"]}}],"collection":[{"href":"https:\/\/basen.js-jarocin.pl\/index.php\/wp-json\/wp\/v2\/posts"}],"about":[{"href":"https:\/\/basen.js-jarocin.pl\/index.php\/wp-json\/wp\/v2\/types\/post"}],"author":[{"embeddable":true,"href":"https:\/\/basen.js-jarocin.pl\/index.php\/wp-json\/wp\/v2\/users\/4"}],"replies":[{"embeddable":true,"href":"https:\/\/basen.js-jarocin.pl\/index.php\/wp-json\/wp\/v2\/comments?post=2268"}],"version-history":[{"count":8,"href":"https:\/\/basen.js-jarocin.pl\/index.php\/wp-json\/wp\/v2\/posts\/2268\/revisions"}],"predecessor-version":[{"id":2277,"href":"https:\/\/basen.js-jarocin.pl\/index.php\/wp-json\/wp\/v2\/posts\/2268\/revisions\/2277"}],"wp:featuredmedia":[{"embeddable":true,"href":"https:\/\/basen.js-jarocin.pl\/index.php\/wp-json\/wp\/v2\/media\/2276"}],"wp:attachment":[{"href":"https:\/\/basen.js-jarocin.pl\/index.php\/wp-json\/wp\/v2\/media?parent=2268"}],"wp:term":[{"taxonomy":"category","embeddable":true,"href":"https:\/\/basen.js-jarocin.pl\/index.php\/wp-json\/wp\/v2\/categories?post=2268"},{"taxonomy":"post_tag","embeddable":true,"href":"https:\/\/basen.js-jarocin.pl\/index.php\/wp-json\/wp\/v2\/tags?post=2268"}],"curies":[{"name":"wp","href":"https:\/\/api.w.org\/{rel}","templated":true}]}}